{"id":3937,"date":"2019-01-19T11:57:17","date_gmt":"2019-01-19T10:57:17","guid":{"rendered":"http:\/\/www.monzalecco.lombardia.cisl.it\/?p=3937"},"modified":"2019-01-19T11:55:57","modified_gmt":"2019-01-19T10:55:57","slug":"contratto-sanita-privata-tempo-scaduto","status":"publish","type":"post","link":"https:\/\/www.monzalecco.lombardia.cisl.it\/?p=3937","title":{"rendered":"Sanit\u00e0 privata, petizione per il contratto"},"content":{"rendered":"<p>Sono passati ormai 12 anni dall\u2019ultimo rinnovo contrattuale della sanit\u00e0 privata.<br \/>\nSono stati anni di lavoro appassionato e di impegno da parte di infermieri, operatori socio sanitari, fisioterapisti, amministrativi e tecnici per garantire il diritto alla salute ai cittadini. Sono stati anni di sacrifici per molti lavoratori che hanno visto le proprie retribuzioni perdere potere d\u2019acquisto in misura molto importante.<\/p>\n<p>Da un anno sono aperte formalmente le trattative per il rinnovo del contratto nazionale del settore: un tavolo riconquistato con impegno e non senza difficolt\u00e0 dalle rappresentanze sindacali. Eppure non si riesce ad arrivare a una quadra, in particolare sulla parte economica che aprirebbe la strada alla definizione anche della parte normativa.<\/p>\n<p>Per questi motivi le categorie delle funzioni pubbliche di Cgil, Cisl e Uil\u00a0 hanno chiamato nuovamente i lavoratori alla mobilitazione. Gioved\u00ec 30 gennaio si terr\u00e0 un presidio davanti al palazzo di Regione Lombardia. Nel frattempo le organizzazioni dei lavoratori si fanno sentire anche sul territorio. A Lecco \u00e8 stato organizzato un <a href=\"http:\/\/www.monzalecco.lombardia.cisl.it\/wp-content\/uploads\/2019\/01\/NOI-siamo-da-12-anni.pdf\">presidio<\/a>\u00a0il\u00a021 gennaio dalle 8 alle 10 di fronte alla Clinica Mangioni. A Monza, si terr\u00e0 il 24 gennaio dalle ore 10 alle ore 12 davanti alla Clinica Zucchi.<\/p>\n<p>Nell&#8217;occasione sar\u00e0 lanciata una petizione tra i cittadini per sostenere le rivendicazioni dei lavoratori del comparto. \u00abLa petizione &#8211; spiegano Nicola Turdo e Franca Bodega, Fp Cisl Mbl &#8211; \u00e8 uno strumento importante. Non possiamo permettere che i lavoratori di un comparto cos\u00ec importante come quello della sanit\u00e0 privata rimangano senza contratto. Ne va della qualit\u00e0 delle prestazioni in un settore che ci tocca cos\u00ec da vicino. Per questo invitiamo tutti a firmare e a sostenere i lavoratori nella loro lotta\u00bb.<\/p>\n<p>\u00abNessun lavoratore pubblico o privato ha mai aspettato cos\u00ec a lungo il rinnovo contrattuale &#8211; sostiene Lucia Pezzuto, segretaria della Cisl Fp -. Le retribuzioni sono ferme a 12 anni fa e persino il sistema di tutele e di diritti, ovviamente, non \u00e8 pi\u00f9 adeguato alle necessit\u00e0 e alla situazione attuale\u00bb.<\/p>\n<p>&nbsp;<\/p>\n","protected":false},"excerpt":{"rendered":"<p>Sono passati ormai 12 anni dall\u2019ultimo rinnovo contrattuale della sanit\u00e0 privata. Sono stati anni di lavoro appassionato e di impegno da parte di infermieri, operatori socio sanitari, fisioterapisti, amministrativi e tecnici per garantire il diritto alla salute ai cittadini. Sono stati anni di sacrifici per molti lavoratori che hanno visto le proprie retribuzioni perdere potere [&hellip;]<\/p>\n","protected":false},"author":5,"featured_media":3938,"comment_status":"closed","ping_status":"open","sticky":false,"template":"","format":"standard","meta":{"footnotes":""},"categories":[1],"tags":[134,232],"class_list":{"0":"post-3937","1":"post","2":"type-post","3":"status-publish","4":"format-standard","5":"has-post-thumbnail","7":"category-notizie","8":"tag-fp","9":"tag-sanita-privata","10":"czr-hentry"},"_links":{"self":[{"href":"https:\/\/www.monzalecco.lombardia.cisl.it\/index.php?rest_route=\/wp\/v2\/posts\/3937","targetHints":{"allow":["GET"]}}],"collection":[{"href":"https:\/\/www.monzalecco.lombardia.cisl.it\/index.php?rest_route=\/wp\/v2\/posts"}],"about":[{"href":"https:\/\/www.monzalecco.lombardia.cisl.it\/index.php?rest_route=\/wp\/v2\/types\/post"}],"author":[{"embeddable":true,"href":"https:\/\/www.monzalecco.lombardia.cisl.it\/index.php?rest_route=\/wp\/v2\/users\/5"}],"replies":[{"embeddable":true,"href":"https:\/\/www.monzalecco.lombardia.cisl.it\/index.php?rest_route=%2Fwp%2Fv2%2Fcomments&post=3937"}],"version-history":[{"count":5,"href":"https:\/\/www.monzalecco.lombardia.cisl.it\/index.php?rest_route=\/wp\/v2\/posts\/3937\/revisions"}],"predecessor-version":[{"id":4012,"href":"https:\/\/www.monzalecco.lombardia.cisl.it\/index.php?rest_route=\/wp\/v2\/posts\/3937\/revisions\/4012"}],"wp:featuredmedia":[{"embeddable":true,"href":"https:\/\/www.monzalecco.lombardia.cisl.it\/index.php?rest_route=\/wp\/v2\/media\/3938"}],"wp:attachment":[{"href":"https:\/\/www.monzalecco.lombardia.cisl.it\/index.php?rest_route=%2Fwp%2Fv2%2Fmedia&parent=3937"}],"wp:term":[{"taxonomy":"category","embeddable":true,"href":"https:\/\/www.monzalecco.lombardia.cisl.it\/index.php?rest_route=%2Fwp%2Fv2%2Fcategories&post=3937"},{"taxonomy":"post_tag","embeddable":true,"href":"https:\/\/www.monzalecco.lombardia.cisl.it\/index.php?rest_route=%2Fwp%2Fv2%2Ftags&post=3937"}],"curies":[{"name":"wp","href":"https:\/\/api.w.org\/{rel}","templated":true}]}}