{"id":3971,"date":"2019-01-15T15:20:19","date_gmt":"2019-01-15T14:20:19","guid":{"rendered":"http:\/\/www.monzalecco.lombardia.cisl.it\/?p=3971"},"modified":"2019-01-15T15:21:51","modified_gmt":"2019-01-15T14:21:51","slug":"quota-100-ne-hai-diritto-chiedilo-allinas","status":"publish","type":"post","link":"https:\/\/www.monzalecco.lombardia.cisl.it\/?p=3971","title":{"rendered":"\u00abQuota 100\u00bb ne hai diritto? Chiedilo all&#8217;Inas"},"content":{"rendered":"<p>La manovra finanziaria ha introdotto\u00a0la famosa \u00abQuota 100\u00bb. Una misura previdenziale che\u00a0prevede la possibilit\u00e0 di anticipare l\u2019uscita pensionistica rispetto alle regole introdotte della Legge Fornero.<\/p>\n<p>Questa novit\u00e0 pu\u00f2 interessare un&#8217;ampia fascia di lavoratori che per\u00f2, spesso, non sanno come orientarsi.\u00a0 Il Patronato Cisl Inas, in attesa di tutti i chiarimenti che devono ancora essere emanati, puo\u0300 gia\u0300 fornire a coloro che ne hanno indicativamente i requisiti:<\/p>\n<ol>\n<li>il calcolo previsionale della pensione<\/li>\n<li>La verifica della decorrenza in \u00abQuota 100\u00bb comparandola a quella della pensione anticipata ordinaria 3<\/li>\n<li>Certificare la posizione contributiva necessaria per l\u2019accesso alla pensione.<\/li>\n<\/ol>\n<p>Allora, passa dal nostro Patronato, vieni a scoprire qual \u00e8 la sede pi\u00f9 vicina a te, clicca <a href=\"http:\/\/www.monzalecco.lombardia.cisl.it\/?page_id=1167\">qui<\/a><\/p>\n<p><a href=\"http:\/\/www.monzalecco.lombardia.cisl.it\/wp-content\/uploads\/2019\/01\/Quota-100-INAS.pdf\">Il volantino<\/a><\/p>\n","protected":false},"excerpt":{"rendered":"<p>La manovra finanziaria ha introdotto\u00a0la famosa \u00abQuota 100\u00bb. Una misura previdenziale che\u00a0prevede la possibilit\u00e0 di anticipare l\u2019uscita pensionistica rispetto alle regole introdotte della Legge Fornero. Questa novit\u00e0 pu\u00f2 interessare un&#8217;ampia fascia di lavoratori che per\u00f2, spesso, non sanno come orientarsi.\u00a0 Il Patronato Cisl Inas, in attesa di tutti i chiarimenti che devono ancora essere emanati, [&hellip;]<\/p>\n","protected":false},"author":5,"featured_media":1577,"comment_status":"closed","ping_status":"open","sticky":false,"template":"","format":"standard","meta":{"footnotes":""},"categories":[1],"tags":[240,230],"class_list":{"0":"post-3971","1":"post","2":"type-post","3":"status-publish","4":"format-standard","5":"has-post-thumbnail","7":"category-notizie","8":"tag-inas","9":"tag-quota-100","10":"czr-hentry"},"_links":{"self":[{"href":"https:\/\/www.monzalecco.lombardia.cisl.it\/index.php?rest_route=\/wp\/v2\/posts\/3971","targetHints":{"allow":["GET"]}}],"collection":[{"href":"https:\/\/www.monzalecco.lombardia.cisl.it\/index.php?rest_route=\/wp\/v2\/posts"}],"about":[{"href":"https:\/\/www.monzalecco.lombardia.cisl.it\/index.php?rest_route=\/wp\/v2\/types\/post"}],"author":[{"embeddable":true,"href":"https:\/\/www.monzalecco.lombardia.cisl.it\/index.php?rest_route=\/wp\/v2\/users\/5"}],"replies":[{"embeddable":true,"href":"https:\/\/www.monzalecco.lombardia.cisl.it\/index.php?rest_route=%2Fwp%2Fv2%2Fcomments&post=3971"}],"version-history":[{"count":1,"href":"https:\/\/www.monzalecco.lombardia.cisl.it\/index.php?rest_route=\/wp\/v2\/posts\/3971\/revisions"}],"predecessor-version":[{"id":3973,"href":"https:\/\/www.monzalecco.lombardia.cisl.it\/index.php?rest_route=\/wp\/v2\/posts\/3971\/revisions\/3973"}],"wp:featuredmedia":[{"embeddable":true,"href":"https:\/\/www.monzalecco.lombardia.cisl.it\/index.php?rest_route=\/wp\/v2\/media\/1577"}],"wp:attachment":[{"href":"https:\/\/www.monzalecco.lombardia.cisl.it\/index.php?rest_route=%2Fwp%2Fv2%2Fmedia&parent=3971"}],"wp:term":[{"taxonomy":"category","embeddable":true,"href":"https:\/\/www.monzalecco.lombardia.cisl.it\/index.php?rest_route=%2Fwp%2Fv2%2Fcategories&post=3971"},{"taxonomy":"post_tag","embeddable":true,"href":"https:\/\/www.monzalecco.lombardia.cisl.it\/index.php?rest_route=%2Fwp%2Fv2%2Ftags&post=3971"}],"curies":[{"name":"wp","href":"https:\/\/api.w.org\/{rel}","templated":true}]}}