{"id":3977,"date":"2019-01-16T17:10:33","date_gmt":"2019-01-16T16:10:33","guid":{"rendered":"http:\/\/www.monzalecco.lombardia.cisl.it\/?p=3977"},"modified":"2019-01-16T19:13:50","modified_gmt":"2019-01-16T18:13:50","slug":"manovra-l8-febbraio-in-piazza-a-roma","status":"publish","type":"post","link":"https:\/\/www.monzalecco.lombardia.cisl.it\/?p=3977","title":{"rendered":"Manovra, il 9 febbraio in piazza a Roma"},"content":{"rendered":"<p>Anche la Cisl Monza Brianza Lecco parteciper\u00e0 alla manifestazione nazionale che si terr\u00e0 a Roma il 9 febbraio contro la manovra finanziaria. Autobus partiranno alle ore 24 di venerd\u00ec 8 febbraio da Lecco (con tappa a Monza) da Merate (con tappa a Vimercate). Il rientro \u00e8 previsto nella tarda serata del 9 febbraio. Per ulteriori informazioni \u00e8 possibile rivolgersi al proprio operatore sindacale o direttamente alla Cisl a Monza (via Dante 17\/a) o a Lecco (via Besonda Inf. 11)..<\/p>\n<p>La manifestazione \u00e8 il culmine di una mobilitazione iniziata in autunno. A novembre, Cgil, Cisl e Uil hanno incontrato delegati e lavoratori negli attivi e nelle assemblee presentando le proposte del sindacato confederale. Successivamente i rappresentanti nazionali hanno incontrato il premier Giuseppe Conte ma, purtroppo, le nostre richieste non sono state accolte sia in sede di approvazione della manovra sia nella discussione dei primi decreti successivi, a partire dal reddito di cittadinanza e \u00abQuota 100\u00bb.<\/p>\n<p>Il sindacato confederale ha quindi deciso di scendere in piazza per riaffermare:<br \/>\n1) una visione diversa di crescita del Paese, poggiata sul lavoro, sugli investimenti pubblici e privati (a partire dalle infrastrutture)<br \/>\n2) un Fisco pi\u00f9 giusto e pi\u00f9 equo: perch\u00e9 si abbassano le tasse alle partite Iva e non ai pensionati e ai lavoratori dipendenti?<br \/>\n3) il no ai condoni che premiano gli evasori fiscali<br \/>\n4) la rivalutazione totale delle pensioni<br \/>\n5) nuove misure per la tenuta sociale del Paese, a partire dal Welfare<br \/>\n6) rinnovo dei contratti pubblici.<\/p>\n","protected":false},"excerpt":{"rendered":"<p>Anche la Cisl Monza Brianza Lecco parteciper\u00e0 alla manifestazione nazionale che si terr\u00e0 a Roma il 9 febbraio contro la manovra finanziaria. Autobus partiranno alle ore 24 di venerd\u00ec 8 febbraio da Lecco (con tappa a Monza) da Merate (con tappa a Vimercate). Il rientro \u00e8 previsto nella tarda serata del 9 febbraio. Per ulteriori [&hellip;]<\/p>\n","protected":false},"author":5,"featured_media":1400,"comment_status":"closed","ping_status":"open","sticky":false,"template":"","format":"standard","meta":{"footnotes":""},"categories":[1],"tags":[31,190,241],"class_list":{"0":"post-3977","1":"post","2":"type-post","3":"status-publish","4":"format-standard","5":"has-post-thumbnail","7":"category-notizie","8":"tag-cisl","9":"tag-manovra","10":"tag-roma","11":"czr-hentry"},"_links":{"self":[{"href":"https:\/\/www.monzalecco.lombardia.cisl.it\/index.php?rest_route=\/wp\/v2\/posts\/3977","targetHints":{"allow":["GET"]}}],"collection":[{"href":"https:\/\/www.monzalecco.lombardia.cisl.it\/index.php?rest_route=\/wp\/v2\/posts"}],"about":[{"href":"https:\/\/www.monzalecco.lombardia.cisl.it\/index.php?rest_route=\/wp\/v2\/types\/post"}],"author":[{"embeddable":true,"href":"https:\/\/www.monzalecco.lombardia.cisl.it\/index.php?rest_route=\/wp\/v2\/users\/5"}],"replies":[{"embeddable":true,"href":"https:\/\/www.monzalecco.lombardia.cisl.it\/index.php?rest_route=%2Fwp%2Fv2%2Fcomments&post=3977"}],"version-history":[{"count":2,"href":"https:\/\/www.monzalecco.lombardia.cisl.it\/index.php?rest_route=\/wp\/v2\/posts\/3977\/revisions"}],"predecessor-version":[{"id":3979,"href":"https:\/\/www.monzalecco.lombardia.cisl.it\/index.php?rest_route=\/wp\/v2\/posts\/3977\/revisions\/3979"}],"wp:featuredmedia":[{"embeddable":true,"href":"https:\/\/www.monzalecco.lombardia.cisl.it\/index.php?rest_route=\/wp\/v2\/media\/1400"}],"wp:attachment":[{"href":"https:\/\/www.monzalecco.lombardia.cisl.it\/index.php?rest_route=%2Fwp%2Fv2%2Fmedia&parent=3977"}],"wp:term":[{"taxonomy":"category","embeddable":true,"href":"https:\/\/www.monzalecco.lombardia.cisl.it\/index.php?rest_route=%2Fwp%2Fv2%2Fcategories&post=3977"},{"taxonomy":"post_tag","embeddable":true,"href":"https:\/\/www.monzalecco.lombardia.cisl.it\/index.php?rest_route=%2Fwp%2Fv2%2Ftags&post=3977"}],"curies":[{"name":"wp","href":"https:\/\/api.w.org\/{rel}","templated":true}]}}