{"id":3993,"date":"2019-01-18T16:30:53","date_gmt":"2019-01-18T15:30:53","guid":{"rendered":"http:\/\/www.monzalecco.lombardia.cisl.it\/?p=3993"},"modified":"2019-01-18T16:51:35","modified_gmt":"2019-01-18T15:51:35","slug":"plastialpe-no-al-licenziamento","status":"publish","type":"post","link":"https:\/\/www.monzalecco.lombardia.cisl.it\/?p=3993","title":{"rendered":"\u00abPlastialpe, no al licenziamento\u00bb"},"content":{"rendered":"<p>I lavoratori della Plastialpe hanno detto no. No al licenziamento di una loro collega che, secondo sindacati e gran parte dei suoi colleghi, non avrebbe dovuto essere allontanata. Ma il licenziamento \u00e8 solo l\u2019ultimo capitolo di una storia pi\u00f9 lunga e complessa. I motivi che hanno portato le principali sigle sindacali a indire lo sciopero che si \u00e8 svolto il 16 gennaio davanti ai cancelli di via I\u00b0 Maggio ad Osnago, sono anche altri. Innanzitutto, il modo di gestire le assunzioni di chi ha un contratto di somministrazione a termine e poi alcune scelte riguardanti la sicurezza negli ambienti di lavoro.<\/p>\n<p>\u00ab\u00c8 stato preso un provvedimento disciplinare nei confronti di una lavoratrice che secondo noi non rispecchia le norme,. Infatti \u00e8 gi\u00e0 stato impugnato &#8211; ha spiegato Massimo Ferni Femca Cisl Mbl -. Non possiamo ,ovviamente, entrare nello specifico di quanto \u00e8 successo, perch\u00e9 \u00e8 una situazione che sar\u00e0 risolta per vie legali\u00bb.<\/p>\n<p>Sotto accusa anche la gestione del personale. Attualmente l\u2019azienda ha una trentina di dipendenti interinali. Dopo il primo anno, nessuno di loro viene assunto perch\u00e9 altrimenti la Plastiaplpe dovrebbe inserire le causali sul perch\u00e9 si intende proseguire il rapporto di lavoro. Questo, come un boomerang, potrebbe ritorcersi contro l&#8217;azienda, nel caso decidesse il secondo anno di non rinnovare i contratti.<\/p>\n<p>Esistono poi problemi legati alla sicurezza. \u00abIn alcuni reparti abbiamo espressamente chiesto cambiamenti, ma abbiamo ricevuto solo risposte vaghe &#8211; conclude Ferni -.\u00a0Dopo lo sciopero, la dirigenza ha convocato i delegati sindacali chiedendo loro spiegazioni sullo sciopero. Adesso attendiamo risposte. Se non ariveranno abbiamo in programma altre 4 ore di sciopero\u00bb.<\/p>\n","protected":false},"excerpt":{"rendered":"<p>I lavoratori della Plastialpe hanno detto no. No al licenziamento di una loro collega che, secondo sindacati e gran parte dei suoi colleghi, non avrebbe dovuto essere allontanata. Ma il licenziamento \u00e8 solo l\u2019ultimo capitolo di una storia pi\u00f9 lunga e complessa. I motivi che hanno portato le principali sigle sindacali a indire lo sciopero [&hellip;]<\/p>\n","protected":false},"author":5,"featured_media":3994,"comment_status":"closed","ping_status":"open","sticky":false,"template":"","format":"standard","meta":{"footnotes":""},"categories":[1],"tags":[25,243],"class_list":{"0":"post-3993","1":"post","2":"type-post","3":"status-publish","4":"format-standard","5":"has-post-thumbnail","7":"category-notizie","8":"tag-femca","9":"tag-plastialpe","10":"czr-hentry"},"_links":{"self":[{"href":"https:\/\/www.monzalecco.lombardia.cisl.it\/index.php?rest_route=\/wp\/v2\/posts\/3993","targetHints":{"allow":["GET"]}}],"collection":[{"href":"https:\/\/www.monzalecco.lombardia.cisl.it\/index.php?rest_route=\/wp\/v2\/posts"}],"about":[{"href":"https:\/\/www.monzalecco.lombardia.cisl.it\/index.php?rest_route=\/wp\/v2\/types\/post"}],"author":[{"embeddable":true,"href":"https:\/\/www.monzalecco.lombardia.cisl.it\/index.php?rest_route=\/wp\/v2\/users\/5"}],"replies":[{"embeddable":true,"href":"https:\/\/www.monzalecco.lombardia.cisl.it\/index.php?rest_route=%2Fwp%2Fv2%2Fcomments&post=3993"}],"version-history":[{"count":3,"href":"https:\/\/www.monzalecco.lombardia.cisl.it\/index.php?rest_route=\/wp\/v2\/posts\/3993\/revisions"}],"predecessor-version":[{"id":4001,"href":"https:\/\/www.monzalecco.lombardia.cisl.it\/index.php?rest_route=\/wp\/v2\/posts\/3993\/revisions\/4001"}],"wp:featuredmedia":[{"embeddable":true,"href":"https:\/\/www.monzalecco.lombardia.cisl.it\/index.php?rest_route=\/wp\/v2\/media\/3994"}],"wp:attachment":[{"href":"https:\/\/www.monzalecco.lombardia.cisl.it\/index.php?rest_route=%2Fwp%2Fv2%2Fmedia&parent=3993"}],"wp:term":[{"taxonomy":"category","embeddable":true,"href":"https:\/\/www.monzalecco.lombardia.cisl.it\/index.php?rest_route=%2Fwp%2Fv2%2Fcategories&post=3993"},{"taxonomy":"post_tag","embeddable":true,"href":"https:\/\/www.monzalecco.lombardia.cisl.it\/index.php?rest_route=%2Fwp%2Fv2%2Ftags&post=3993"}],"curies":[{"name":"wp","href":"https:\/\/api.w.org\/{rel}","templated":true}]}}