{"id":3996,"date":"2019-01-18T16:48:32","date_gmt":"2019-01-18T15:48:32","guid":{"rendered":"http:\/\/www.monzalecco.lombardia.cisl.it\/?p=3996"},"modified":"2019-01-19T10:26:54","modified_gmt":"2019-01-19T09:26:54","slug":"leuropa-e-il-nostro-futuro","status":"publish","type":"post","link":"https:\/\/www.monzalecco.lombardia.cisl.it\/?p=3996","title":{"rendered":"\u00abL&#8217;Europa \u00e8 il nostro futuro\u00bb"},"content":{"rendered":"<p>Grande succeso per la prima edizione 2019 de \u00abi Venerd\u00ec della Cisl\u00bb che si\u00a0\u00e8 tenuta questa mattina, nell\u2019Aula magna del Polo lecchese del Politecnico. Di fronte a una numerosa platea, si \u00e8 discusso di Europa. Sono intervenuti Franco Chittolina, presidente di Apice Europa (Associazione per l\u2019incontro delle culture in Europa), l\u2019economista Alberto Berrini e Giuseppe Iuliano, responsabile del Dipartimento Internazionale Cisl e membro del Cese (Comitato Economico e Sociale Europeo). In sede di presentazione Rita Pavan, segretaria generale Cisl Monza Brianza Lecco, ha precisato come, anche in vista delle elezioni europee, che si terranno dal 23 al 26 maggio, diventi fondamentale un momento di approfondimento su competenze, poteri e possibili prospettive dell\u2019Unione europea.<\/p>\n<p>\u00c8 poi stato trasmesso un video, con i saluti ed un breve intervento di Luca Visentini, segretario generale della Ces (Confederazione Europea dei Sindacati). \u00abIn questi ultimi tempi \u2013 ha detto Visentini \u2013 qualcosa si \u00e8 incrinato nel rapporto tra cittadini ed Europa. La causa di questo non va certo attribuita all\u2019immigrazione, quanto alle modalit\u00e0 che l\u2019Europa ha usato per reagire alla crisi economica; modalit\u00e0 che hanno usato il modello sociale europeo per \u201caggiustare\u201d la crisi. Per fortuna la Comunit\u00e0 europea ha compreso che \u00e8 necessario ricostruire un rapporto virtuoso con i cittadini europei. Per questo sar\u00e0 necessario spostarsi da una politica neoliberista ad una che favorisca la crescita dei posti di lavoro; bisogner\u00e0 far crescere i salari e proteggere i lavoratori dai cambiamenti che saranno apportati dalla digitalizzazione e dai cambiamenti climatici\u00bb.<\/p>\n<p>Ha poi preso la parola Franco Chittolina. Dall\u2019alto della sua lunga esperienza nelle commissioni europee, ha illustrato alcune tappe fondamentali della storia europea, perch\u00e9 \u00ab\u00e8 necessario fare un passo indietro per capire come andare avanti\u00bb. Dal 1979, anno in cui \u00e8 stato approvato il voto per la elezione del Parlamento europeo, al 1989, anno della caduta del muro di Berlino, si \u00e8 arrivati al 2019, sintetizzato in un solo termine: Brexit. \u00abSe prevarr\u00e0 di nuovo la sovranit\u00e0 nazionale \u2013 ha concluso Chittolina \u2013 dobbiamo prepararci a nuovi, grandi disastri. Dobbiamo invece lavorare perch\u00e9 le singole sovranit\u00e0 nazionali siano completate con una sovranit\u00e0 europea condivisa\u00bb.<\/p>\n<p>L\u2019economista Alberto Berrini ha affrontato il tema economico ed in particolare i problemi legati all\u2019euro, spesso additato come causa di tutti i mali. \u00abIn Europa \u2013 ha detto Berrini \u2013 si \u00e8 puntato prima sulla convergenza economica sperando che fosse l\u2019anticamera di quella politica. Cos\u00ec non \u00e8 avvenuto anche perch\u00e9, economicamente parlando, con la crisi economica del 2009 l\u2019Europa ha puntato su politiche recessive anzich\u00e9 su quelle espansive. Rimane il fatto che l\u2019euro era necessario ma ci voleva anche pi\u00f9 Europa nel senso politico e sociale del termine\u00bb.<\/p>\n<p>\u00c8 poi intervenuto Giuseppe Iuliano, che ha voluto precisare i grandi passi avanti fatti in questi decenni grazie all\u2019Europa: \u00abCon l\u2019unit\u00e0 europea, da 70 anni viviamo in pace ed abbiamo potuto usufruire di grandi libert\u00e0 come la libera circolazione di merci e di persone. Il vero problema, oggi, \u00e8 che abbiamo bisogno di pi\u00f9 Europa e dobbiamo trasferire le sovranit\u00e0 nazionali entro una sovranit\u00e0 europea. Pur nell\u2019ambito di grandi conquiste, in questi decenni non abbiamo completato il processo di unificazione, ma la Cisl crede fortemente negli Stati Uniti d\u2019Europa\u00bb. Il convegno si \u00e8 concluso con un dibattito che ha coinvolto molti dei partecipanti.<\/p>\n<p><iframe loading=\"lazy\" width=\"1140\" height=\"641\" src=\"https:\/\/www.youtube.com\/embed\/QszCB-UDmzo?start=491&#038;feature=oembed\" frameborder=\"0\" allow=\"accelerometer; autoplay; encrypted-media; gyroscope; picture-in-picture\" allowfullscreen><\/iframe><\/p>\n","protected":false},"excerpt":{"rendered":"<p>Grande succeso per la prima edizione 2019 de \u00abi Venerd\u00ec della Cisl\u00bb che si\u00a0\u00e8 tenuta questa mattina, nell\u2019Aula magna del Polo lecchese del Politecnico. Di fronte a una numerosa platea, si \u00e8 discusso di Europa. Sono intervenuti Franco Chittolina, presidente di Apice Europa (Associazione per l\u2019incontro delle culture in Europa), l\u2019economista Alberto Berrini e Giuseppe [&hellip;]<\/p>\n","protected":false},"author":5,"featured_media":3998,"comment_status":"closed","ping_status":"open","sticky":false,"template":"","format":"standard","meta":{"footnotes":""},"categories":[1],"tags":[90,95],"class_list":{"0":"post-3996","1":"post","2":"type-post","3":"status-publish","4":"format-standard","5":"has-post-thumbnail","7":"category-notizie","8":"tag-i-venerdi-della-cisl","9":"tag-lecco","10":"czr-hentry"},"_links":{"self":[{"href":"https:\/\/www.monzalecco.lombardia.cisl.it\/index.php?rest_route=\/wp\/v2\/posts\/3996","targetHints":{"allow":["GET"]}}],"collection":[{"href":"https:\/\/www.monzalecco.lombardia.cisl.it\/index.php?rest_route=\/wp\/v2\/posts"}],"about":[{"href":"https:\/\/www.monzalecco.lombardia.cisl.it\/index.php?rest_route=\/wp\/v2\/types\/post"}],"author":[{"embeddable":true,"href":"https:\/\/www.monzalecco.lombardia.cisl.it\/index.php?rest_route=\/wp\/v2\/users\/5"}],"replies":[{"embeddable":true,"href":"https:\/\/www.monzalecco.lombardia.cisl.it\/index.php?rest_route=%2Fwp%2Fv2%2Fcomments&post=3996"}],"version-history":[{"count":3,"href":"https:\/\/www.monzalecco.lombardia.cisl.it\/index.php?rest_route=\/wp\/v2\/posts\/3996\/revisions"}],"predecessor-version":[{"id":4011,"href":"https:\/\/www.monzalecco.lombardia.cisl.it\/index.php?rest_route=\/wp\/v2\/posts\/3996\/revisions\/4011"}],"wp:featuredmedia":[{"embeddable":true,"href":"https:\/\/www.monzalecco.lombardia.cisl.it\/index.php?rest_route=\/wp\/v2\/media\/3998"}],"wp:attachment":[{"href":"https:\/\/www.monzalecco.lombardia.cisl.it\/index.php?rest_route=%2Fwp%2Fv2%2Fmedia&parent=3996"}],"wp:term":[{"taxonomy":"category","embeddable":true,"href":"https:\/\/www.monzalecco.lombardia.cisl.it\/index.php?rest_route=%2Fwp%2Fv2%2Fcategories&post=3996"},{"taxonomy":"post_tag","embeddable":true,"href":"https:\/\/www.monzalecco.lombardia.cisl.it\/index.php?rest_route=%2Fwp%2Fv2%2Ftags&post=3996"}],"curies":[{"name":"wp","href":"https:\/\/api.w.org\/{rel}","templated":true}]}}