{"id":4002,"date":"2019-01-18T17:19:46","date_gmt":"2019-01-18T16:19:46","guid":{"rendered":"http:\/\/www.monzalecco.lombardia.cisl.it\/?p=4002"},"modified":"2019-01-18T17:20:23","modified_gmt":"2019-01-18T16:20:23","slug":"aerosol-luce-in-fondo-al-tunnel","status":"publish","type":"post","link":"https:\/\/www.monzalecco.lombardia.cisl.it\/?p=4002","title":{"rendered":"Aerosol, luce in fondo al tunnel?"},"content":{"rendered":"<p>L&#8217;impianto \u00e8 stato acquisito. La propriet\u00e0 \u00e8 chiara.\u00a0Adesso si aspetta che riprenda la produzione. \u00c8 questo il quadro che traccia Massimo Ferni, Femca Cisl Mbl sulla vertenza Aerosol di Valmadrera.<\/p>\n<p>L\u2019azienda, che opera nel comparto farmaceutico, ha avuto problemi a partire dall\u2019estate 2017. Una crisi i cui contorni non sono mai stati chiari e che non erano comunque legati al mercato (in espansione).\u00a0Al momento dell&#8217;inizio della crisi, la societ\u00e0 aveva un organico di 110 dipendenti. Gradualmente sono scesi a sei dipendenti (un piccolo gruppo che \u00e8 rimasto per presidiare gli impianti e lo stabile. A dicembre il ramo farmaceutico dell&#8217;azienda \u00e8 stato messo all&#8217;asta. Ad aggiudicarselo, per due milioni di euro, \u00e8 stata la\u00a0Farmol di Comun Nuovo (Bergamo), leader europeo nella produzione di prodotti a base aerosol. L&#8217;asta chiedeva ai nuovi acquirenti di rimanere nel sito produttivo almeno 48 mesi e, nel caso intendesse assumere, di scegliere in via prioritaria tra gli ex dipendenti dell&#8217;Aerosol. Condizioni accettate dal nuovo acquirente. Nei prossimi giorni la nuova propriet\u00e0 dovrebbe recarsi dal notaio per siglare l&#8217;atto di acquisto.<\/p>\n<p>\u00abNon abbiamo mai capito perch\u00e9 l&#8217;azienda fosse entrata in crisi e dovesse chiudere &#8211; conclude Massimo Ferni -. Le potenzialit\u00e0 ci sono e sono grandi. Il fatto che qualcuno abbia partecipato all&#8217;asta e l&#8217;abbia acquisita non fa che confermare questa tesi. Come sindacato attendiamo la fine delle pratiche di acquisto e poi chiederemo un incontro per capire quali potranno essere le condizioni per il riavvio\u00bb.<\/p>\n","protected":false},"excerpt":{"rendered":"<p>L&#8217;impianto \u00e8 stato acquisito. La propriet\u00e0 \u00e8 chiara.\u00a0Adesso si aspetta che riprenda la produzione. \u00c8 questo il quadro che traccia Massimo Ferni, Femca Cisl Mbl sulla vertenza Aerosol di Valmadrera. L\u2019azienda, che opera nel comparto farmaceutico, ha avuto problemi a partire dall\u2019estate 2017. Una crisi i cui contorni non sono mai stati chiari e che [&hellip;]<\/p>\n","protected":false},"author":5,"featured_media":2663,"comment_status":"closed","ping_status":"open","sticky":false,"template":"","format":"standard","meta":{"footnotes":""},"categories":[1],"tags":[24,25,40],"class_list":{"0":"post-4002","1":"post","2":"type-post","3":"status-publish","4":"format-standard","5":"has-post-thumbnail","7":"category-notizie","8":"tag-aerosol","9":"tag-femca","10":"tag-valmadrera","11":"czr-hentry"},"_links":{"self":[{"href":"https:\/\/www.monzalecco.lombardia.cisl.it\/index.php?rest_route=\/wp\/v2\/posts\/4002","targetHints":{"allow":["GET"]}}],"collection":[{"href":"https:\/\/www.monzalecco.lombardia.cisl.it\/index.php?rest_route=\/wp\/v2\/posts"}],"about":[{"href":"https:\/\/www.monzalecco.lombardia.cisl.it\/index.php?rest_route=\/wp\/v2\/types\/post"}],"author":[{"embeddable":true,"href":"https:\/\/www.monzalecco.lombardia.cisl.it\/index.php?rest_route=\/wp\/v2\/users\/5"}],"replies":[{"embeddable":true,"href":"https:\/\/www.monzalecco.lombardia.cisl.it\/index.php?rest_route=%2Fwp%2Fv2%2Fcomments&post=4002"}],"version-history":[{"count":2,"href":"https:\/\/www.monzalecco.lombardia.cisl.it\/index.php?rest_route=\/wp\/v2\/posts\/4002\/revisions"}],"predecessor-version":[{"id":4004,"href":"https:\/\/www.monzalecco.lombardia.cisl.it\/index.php?rest_route=\/wp\/v2\/posts\/4002\/revisions\/4004"}],"wp:featuredmedia":[{"embeddable":true,"href":"https:\/\/www.monzalecco.lombardia.cisl.it\/index.php?rest_route=\/wp\/v2\/media\/2663"}],"wp:attachment":[{"href":"https:\/\/www.monzalecco.lombardia.cisl.it\/index.php?rest_route=%2Fwp%2Fv2%2Fmedia&parent=4002"}],"wp:term":[{"taxonomy":"category","embeddable":true,"href":"https:\/\/www.monzalecco.lombardia.cisl.it\/index.php?rest_route=%2Fwp%2Fv2%2Fcategories&post=4002"},{"taxonomy":"post_tag","embeddable":true,"href":"https:\/\/www.monzalecco.lombardia.cisl.it\/index.php?rest_route=%2Fwp%2Fv2%2Ftags&post=4002"}],"curies":[{"name":"wp","href":"https:\/\/api.w.org\/{rel}","templated":true}]}}