{"id":4052,"date":"2019-01-23T10:16:27","date_gmt":"2019-01-23T09:16:27","guid":{"rendered":"http:\/\/www.monzalecco.lombardia.cisl.it\/?p=4052"},"modified":"2019-01-23T10:17:19","modified_gmt":"2019-01-23T09:17:19","slug":"ex-superdi-venduti-i-negozi","status":"publish","type":"post","link":"https:\/\/www.monzalecco.lombardia.cisl.it\/?p=4052","title":{"rendered":"Ex Superd\u00ec, ceduti i punti-vendita"},"content":{"rendered":"<p>Il Tribunale\u00a0di Monza ha approvato le\u00a0cessioni dei punti vendita ex Superd\u00ec alle catene Italmark e Maxid\u00ec\u00a0(Famila) che potranno quindi proseguire con le riaperture, dando di nuovo lavoro a quasi\u00a0300 dipendenti della catena.<\/p>\n<p>I 295 dipendenti di Gca General Market srl, la societ\u00e0 che gestiva gran parte della catena Superd\u00ec- Iperd\u00ec, a breve potranno\u00a0iniziare a lavorare\u00a0nei 14 punti vendita che sono passati di mano, mentre una sessantina gi\u00e0 lo fanno dal 20 dicembre, quando hanno aperto tre punti vendita a marchio Italmark. Ma questo \u00e8 un segnale positivo anche per qualche altro centinaio di dipendenti che possono sperare nella svolta positiva anche di un\u2019altra trattativa avviata per la cessione di 5 ex Iperd\u00ec (i supermercati con le superfici maggiori).<\/p>\n<p>Le prime riaperture saranno certamente quelle con marchio Famila di Barlassina (27 dipendenti) e Robbio (Pv), 25 dipendenti, dove i supermercati sono gi\u00e0 pronti dal 8 gennaio. A brevissimo toccher\u00e0 anche agli altri punti vendita Italmark che andranno ad aggiungersi ai 3 operativi da prima di Natale. In Brianza sono a Cogliate (21 dipendenti), Muggi\u00f2 (11) e Cornate d\u2019Adda (10).<\/p>\n","protected":false},"excerpt":{"rendered":"<p>Il Tribunale\u00a0di Monza ha approvato le\u00a0cessioni dei punti vendita ex Superd\u00ec alle catene Italmark e Maxid\u00ec\u00a0(Famila) che potranno quindi proseguire con le riaperture, dando di nuovo lavoro a quasi\u00a0300 dipendenti della catena. I 295 dipendenti di Gca General Market srl, la societ\u00e0 che gestiva gran parte della catena Superd\u00ec- Iperd\u00ec, a breve potranno\u00a0iniziare a lavorare\u00a0nei [&hellip;]<\/p>\n","protected":false},"author":5,"featured_media":2895,"comment_status":"closed","ping_status":"open","sticky":false,"template":"","format":"standard","meta":{"footnotes":""},"categories":[1],"tags":[101,102,103],"class_list":{"0":"post-4052","1":"post","2":"type-post","3":"status-publish","4":"format-standard","5":"has-post-thumbnail","7":"category-notizie","8":"tag-fisascat","9":"tag-iperdi","10":"tag-superdi","11":"czr-hentry"},"_links":{"self":[{"href":"https:\/\/www.monzalecco.lombardia.cisl.it\/index.php?rest_route=\/wp\/v2\/posts\/4052","targetHints":{"allow":["GET"]}}],"collection":[{"href":"https:\/\/www.monzalecco.lombardia.cisl.it\/index.php?rest_route=\/wp\/v2\/posts"}],"about":[{"href":"https:\/\/www.monzalecco.lombardia.cisl.it\/index.php?rest_route=\/wp\/v2\/types\/post"}],"author":[{"embeddable":true,"href":"https:\/\/www.monzalecco.lombardia.cisl.it\/index.php?rest_route=\/wp\/v2\/users\/5"}],"replies":[{"embeddable":true,"href":"https:\/\/www.monzalecco.lombardia.cisl.it\/index.php?rest_route=%2Fwp%2Fv2%2Fcomments&post=4052"}],"version-history":[{"count":4,"href":"https:\/\/www.monzalecco.lombardia.cisl.it\/index.php?rest_route=\/wp\/v2\/posts\/4052\/revisions"}],"predecessor-version":[{"id":4056,"href":"https:\/\/www.monzalecco.lombardia.cisl.it\/index.php?rest_route=\/wp\/v2\/posts\/4052\/revisions\/4056"}],"wp:featuredmedia":[{"embeddable":true,"href":"https:\/\/www.monzalecco.lombardia.cisl.it\/index.php?rest_route=\/wp\/v2\/media\/2895"}],"wp:attachment":[{"href":"https:\/\/www.monzalecco.lombardia.cisl.it\/index.php?rest_route=%2Fwp%2Fv2%2Fmedia&parent=4052"}],"wp:term":[{"taxonomy":"category","embeddable":true,"href":"https:\/\/www.monzalecco.lombardia.cisl.it\/index.php?rest_route=%2Fwp%2Fv2%2Fcategories&post=4052"},{"taxonomy":"post_tag","embeddable":true,"href":"https:\/\/www.monzalecco.lombardia.cisl.it\/index.php?rest_route=%2Fwp%2Fv2%2Ftags&post=4052"}],"curies":[{"name":"wp","href":"https:\/\/api.w.org\/{rel}","templated":true}]}}