{"id":4061,"date":"2019-01-23T16:06:36","date_gmt":"2019-01-23T15:06:36","guid":{"rendered":"http:\/\/www.monzalecco.lombardia.cisl.it\/?p=4061"},"modified":"2019-01-23T17:35:17","modified_gmt":"2019-01-23T16:35:17","slug":"premio-carniti-per-i-giovani","status":"publish","type":"post","link":"https:\/\/www.monzalecco.lombardia.cisl.it\/?p=4061","title":{"rendered":"\u00abPremio Carniti\u00bb per i giovani"},"content":{"rendered":"<p>L&#8217;Associazione Astrolabio del Sociale, insieme alla famiglia Carniti, alla Cisl nazionale ha pubblicato il bando del \u00abPremio Pierre Carniti\u00bb 2019, concorso che, curato da un gruppo di studiosi di relazioni industriali e sindacalisti, intende premiare ricerche e studi realizzati da giovani nel campo delle politiche sociali, del lavoro e della lotta alle disuguaglianze. La scadenza per l&#8217;invio degli elaborati \u00e8 il 28 febbraio 2019.<\/p>\n<p>I temi del bando 2018-2019 sono:<\/p>\n<p>\u2022 L&#8217;occupazione per tutti e l&#8217;innovazione tecnologica: conflitto o compatibilit\u00e0<br \/>\n\u2022 L&#8217;avvenire del sistema pensionistico<br \/>\n\u2022 Il lavoro come \u00abfatto sociale e relazionale\u00bb.<\/p>\n<p>L&#8217;intendo del Premio \u00e8 interessare sempre pi\u00f9 i giovani studenti e studiosi alle tematiche del lavoro e della rappresentanza, oltre a costituire un&#8217;opportunit\u00e0 significativa per ricordare la figura di Pierre Carniti e il suo particolare impegno per i giovani. I due vincitori riceveranno un contributo di 5.000 euro ciascuno. \u00c8 prevista la pubblicazione con la casa editrice Edizioni lavoro dei saggi ritenuti particolarmente meritevoli di diffusione . La scadenza per l&#8217;invio degli elaborati \u00e8 il 28 febbraio 2019.<\/p>\n<p><strong>Info<\/strong>: <a href=\"http:\/\/www.astrolabiosociale.it\">www.astrolabiosociale.it<\/a><\/p>\n<p>&nbsp;<\/p>\n<p>&nbsp;<\/p>\n","protected":false},"excerpt":{"rendered":"<p>L&#8217;Associazione Astrolabio del Sociale, insieme alla famiglia Carniti, alla Cisl nazionale ha pubblicato il bando del \u00abPremio Pierre Carniti\u00bb 2019, concorso che, curato da un gruppo di studiosi di relazioni industriali e sindacalisti, intende premiare ricerche e studi realizzati da giovani nel campo delle politiche sociali, del lavoro e della lotta alle disuguaglianze. La scadenza [&hellip;]<\/p>\n","protected":false},"author":5,"featured_media":4062,"comment_status":"closed","ping_status":"open","sticky":false,"template":"","format":"standard","meta":{"footnotes":""},"categories":[1],"tags":[31,249],"class_list":{"0":"post-4061","1":"post","2":"type-post","3":"status-publish","4":"format-standard","5":"has-post-thumbnail","7":"category-notizie","8":"tag-cisl","9":"tag-pierre-carniti","10":"czr-hentry"},"_links":{"self":[{"href":"https:\/\/www.monzalecco.lombardia.cisl.it\/index.php?rest_route=\/wp\/v2\/posts\/4061","targetHints":{"allow":["GET"]}}],"collection":[{"href":"https:\/\/www.monzalecco.lombardia.cisl.it\/index.php?rest_route=\/wp\/v2\/posts"}],"about":[{"href":"https:\/\/www.monzalecco.lombardia.cisl.it\/index.php?rest_route=\/wp\/v2\/types\/post"}],"author":[{"embeddable":true,"href":"https:\/\/www.monzalecco.lombardia.cisl.it\/index.php?rest_route=\/wp\/v2\/users\/5"}],"replies":[{"embeddable":true,"href":"https:\/\/www.monzalecco.lombardia.cisl.it\/index.php?rest_route=%2Fwp%2Fv2%2Fcomments&post=4061"}],"version-history":[{"count":2,"href":"https:\/\/www.monzalecco.lombardia.cisl.it\/index.php?rest_route=\/wp\/v2\/posts\/4061\/revisions"}],"predecessor-version":[{"id":4072,"href":"https:\/\/www.monzalecco.lombardia.cisl.it\/index.php?rest_route=\/wp\/v2\/posts\/4061\/revisions\/4072"}],"wp:featuredmedia":[{"embeddable":true,"href":"https:\/\/www.monzalecco.lombardia.cisl.it\/index.php?rest_route=\/wp\/v2\/media\/4062"}],"wp:attachment":[{"href":"https:\/\/www.monzalecco.lombardia.cisl.it\/index.php?rest_route=%2Fwp%2Fv2%2Fmedia&parent=4061"}],"wp:term":[{"taxonomy":"category","embeddable":true,"href":"https:\/\/www.monzalecco.lombardia.cisl.it\/index.php?rest_route=%2Fwp%2Fv2%2Fcategories&post=4061"},{"taxonomy":"post_tag","embeddable":true,"href":"https:\/\/www.monzalecco.lombardia.cisl.it\/index.php?rest_route=%2Fwp%2Fv2%2Ftags&post=4061"}],"curies":[{"name":"wp","href":"https:\/\/api.w.org\/{rel}","templated":true}]}}