{"id":4085,"date":"2019-01-25T17:15:57","date_gmt":"2019-01-25T16:15:57","guid":{"rendered":"http:\/\/www.monzalecco.lombardia.cisl.it\/?p=4085"},"modified":"2019-01-25T17:18:11","modified_gmt":"2019-01-25T16:18:11","slug":"27-gennaio-per-non-dimenticare","status":"publish","type":"post","link":"https:\/\/www.monzalecco.lombardia.cisl.it\/?p=4085","title":{"rendered":"27 gennaio, per non dimenticare la Shoah"},"content":{"rendered":"<p>Numerose, anche quest\u2019anno, le iniziative legate al\u00a0Giorno della Memoria,\u00a0la ricorrenza che si celebra il\u00a027 gennaio\u00a0in ricordo dello sterminio e delle persecuzioni del popolo ebraico e dei deportati militari e politici italiani nei campi di concentramento nazisti. Per approfondire il tema la Cisl Mbl vi propone la lettura di <a href=\"http:\/\/www.monzalecco.lombardia.cisl.it\/wp-content\/uploads\/2019\/01\/La-memoria-senza-ossessione_Magris.pdf\">\u00abLa memoria senza ossessione\u00bb<\/a>, un articolo scritto da Claudio Magris per il \u00abCorriere della sera\u00bb (10 febbraio 2005).<\/p>\n<p>La Brianza e il Lecchese si preparano poi a ricordare le vittime dell\u2019Olocausto con iniziative ed eventi su tutto il territorio. In calendario molte proposte tra cui concerti, spettacoli, mostre, letture, proiezioni cinematografiche, testimonianze, momenti commemorativi e molto altro ancora. Eccone una nostra selezione.<\/p>\n<p><strong>MONZA<\/strong><br \/>\n<em>Sabato 26 gennaio<\/em><br \/>\nOre 16.30 \u2013 Sala Maddalena<br \/>\n\u201cUn pittore salvato dalla sua arte. Vita e opere di Aldo Carpi\u201d\u00a0Relatore Elisabetta Parente \u2013 storico d\u2019arte.\u00a0A cura di ITALIA NOSTRA \u2013 Ingresso gratuito per i soci<br \/>\n<em>Domenica 27 gennaio<\/em><br \/>\nOre 9.30 \u2013\u00a0Bosco della memoria<br \/>\nIl Sindaco Dario Allevi e la Presidente di ANED Monza Milena Bracesco depositano una corona<br \/>\nore 9.45 \u2013 Stazione FS di Monza<br \/>\nCerimonia ufficiale<br \/>\nore 10.15 \u2013 Teatro Manzoni<br \/>\nCerimonia di consegna delle medaglie d\u2019onore\u00a0ai familiari di cittadini deceduti, militari e civili, deportati ed internati nei lager nazisti e destinati al lavoro coatto.<br \/>\nA cura della Prefettura di Monza e Brianza.<br \/>\n<em>Luned\u00ec 28 gennaio<\/em><br \/>\nOre 18.00 \u2013 Biblioteca Civica<br \/>\nPresentazione libro\u00a0\u201cParlami d\u2019amore. Dialogo intimo tra una figlia e un padre partigiano\u201d di Milena Bracesco \u2013 Presidente ANED Monza. Ingresso gratuito<br \/>\n<em>Marted\u00ec 29 gennaio<\/em><br \/>\nore 21.00 \u2013 Istituto Liceo Dehon (Sala Bella)<br \/>\nPresentazione libro\u00a0\u201c1938 l\u2019Italia razzista\u201d di Fabio Isman<br \/>\nA cura di Associazione Novaluna \u2013 ANED \u2013 ANPI \u2013 Ingresso gratuito<br \/>\nFabio Isman, giornalista e studioso di cultura e di storia, in questo libro parte da un lavoro di accurata ricerca nell\u2019archivio di Stato e di Banca Intesa San Paolo e dal recupero di storie\u00a0personali per raccontare le conseguenze delle leggi razziali in Italia. Il suo \u201c1938, l\u2019Italia razzista \u2013 i documenti della persecuzione contro<br \/>\ngli ebrei\u201d edito dal Mulino nell\u2019ottantesimo anniversario delle leggi, vuole raccontare non solo la persecuzione ma le razzie economiche ai danni della popolazione ebraica. L\u2019autore racconta vicende spesso ancora ignorate o troppo poco esplorate, che ci restituiscono lo spaccato di un\u2019Italia non sempre composta da \u201cbrava gente\u201d.<\/p>\n<p>In occasione del Giorno della Memoria 2019, il\u00a0coro polifonico Anthem\u00a0e la\u00a0compagnia teatrale Impara l\u2019Arte, realta\u0300 artistiche monzesi attive con successo da molti anni, uniranno le proprie forze per mettere in scena,\u00a0sabato 26 gennaio\u00a0alle ore 21.00, una rappresentazione per questa ricorrenza.<br \/>\nIl titolo della serata,\u00a0Zkor! Ricorda!,si rifa\u0300 all\u2019imperativo scritto sulla \u201cColonna dell\u2019eroismo\u201d all\u2019ingresso dello Yad Vashem, il Memoriale dell\u2019Olocausto a Gerusalemme. Ricorderemo, attraverso la lettura di alcune testimonianze e l\u2019esecuzione di musiche e canti, i milioni di vittime dei campi di sterminio e prigionia nazisti e fascisti, anche quelle monzesi, perche\u0301 sentiamo doveroso non dimenticare i \u201cnostri\u201d morti. La serata, ad ingressi libero, avr\u00e0 luogo presso la\u00a0Chiesa della Sacra Famiglia\u00a0in piazza Santa Caterina da Siena a Monza.<\/p>\n<p>L\u2019Associazione Culturale San Fruttuoso di Monza\u00a0organizza,\u00a0domenica 27 gennaio, una esposizione di documenti per le vie del quartiere alle ore 9.00 mentre alle ore 16.00 sar\u00e0 proiettato il film \u201cLa verit\u00e0 negata\u201d presso la sede dell\u2019Associazione in via San Fruttuoso 6 (curt lunga) a Monza. Ingresso libero.<\/p>\n<p>Nell\u2019ambito del progetto Legalit\u00e0 e cittadinanza attiva, in occasione della Giornata della Memoria 2019, la\u00a0classe V I\u00a0del\u00a0Liceo artistico statale della Villa Reale di Monza \u201cNanni Valentini\u201d\u00a0propone una\u00a0mostra-spettacolo\u00a0dal titolo\u00a0\u201cArbeit macht frei. Dalla fabbrica al lager\u02ba, liberamente tratto dal libro di poesie\u00a0Al di l\u00e0 del niente\u00a0di\u00a0Raffaele Mantegazza.<br \/>\nL\u2019iniziativa\u00a0si pone l\u2019obiettivo di raccontare le storie di alcuni operai monzesi, deportati tra il 1943 e il 1944 per la loro attivit\u00e0 antifascista, e prevede una mostra allestita in aula magna e uno spettacolo itinerante che avr\u00e0 luogo in vari spazi della scuola. Gli attori dello spettacolo saranno gli studenti (classe V I)\u00a0che da settembre stanno realizzando\u00a0scenografie e illustrando delle tavole che permettano di ricostruire i vari personaggi. Lo spettacolo, destinato a tutte le classi del biennio, andr\u00e0 in scena pi\u00f9 volte nel corso delle mattinate di sabato 26 gennaio, luned\u00ec 28 gennaio e sabato 2 febbraio. In quest\u2019ultima data ci saranno anche tra gli spettatori Anpi, Aned e parenti delle vittime.\u00a0Per i genitori\u00a0che volessero assistere allo spettacolo \u00e8 prevista un\u2019apposita rappresentazione\u00a0sabato 2 febbraio alle ore 12.00.<br \/>\nEquiVoci Musicali\u00a0celebra la Giornata della Memoria con un appuntamento speciale al\u00a0Teatro Binario 7\u00a0di Monza.\u00a0Domenica 27 gennaio\u00a0alle ore 16.00 andr\u00e0 in scena lo spettacolo\u00a0L\u2019orchestra femminile di Auschwitz. Sul palco Le Cameriste Ambrosiane\u00a0suoneranno le musiche di una orchestra molto particolare: quella formata ad Auschwitz da 47 donne deportate che avevano il compito di allietare gli ufficiali SS, accogliere i nuovi prigionieri e accompagnare le detenute al lavoro.\u00a0Lo spettacolo \u00e8 un viaggio\u00a0tra le musiche e i vissuti di questa comunit\u00e0 umana, un cammino nelle tenebre illuminato solo dalla bellezza della musica eseguita, che diventa motivo di speranza, di memoria, di futuro.<\/p>\n<p><strong>BRUGHERIO<\/strong><br \/>\nNumerose le iniziative di\u00a0Brugherio\u00a0che ruotano attorno al\u00a0Giorno della Memoria, la ricorrenza che si celebra il\u00a027 gennaio\u00a0in ricordo dello sterminio e delle persecuzioni del popolo ebraico e dei deportati militari e politici italiani nei campi nazisti.\u00a0Una carrellata di proposte\u00a0per tutti i tipi di pubblico e le diverse fasce di et\u00e0 in programma\u00a0dal 10 al 27 gennaio.<\/p>\n<p><strong>USMATE VELATE<\/strong><br \/>\n<em>Gioved\u00ec 31 gennaio, ore 20.45<\/em><br \/>\nPROIEZIONE DEL FILM \u201cIL LABIRINTO DEL SILENZIO\u201d<br \/>\nregia G. Ricciarelli \u2013 Drammatico, 2014<br \/>\nIntroduzione storica a cura di Daniele Frisco. In collaborazione con Consorzio Brianteo Villa Greppi.<br \/>\nAula Magna della scuola media, via B. Lujini, 2 \u2013 ingresso libero<\/p>\n<p><strong>ORENO<\/strong><br \/>\nIn occasione della Giornata della Memoria a\u00a0TeatrOreno\u00a0l\u2019Associazione Culturale ArteVOX Produzioni in collaborazione con la Parrocchia San Michele Arcangelo e con il patrocinio dell\u2019Amministrazione Comunale propone lo storico spettacolo della Compagnia milanese Alma Ros\u00e9:\u00a0\u201cC\u2019era un\u2019orchestra ad Auschwitz\u201d, che il gruppo porta in scena dal 1997.\u00a0Lo spettacolo sar\u00e0 in scena\u00a0venerd\u00ec 25 gennaio al mattino per le scuole medie e superiori\u00a0di Vimercate e\u00a0la sera, alle ore 21.00, per il pubblico. Ingresso 8 euro (ridotto studenti e over 65 5 euro).<\/p>\n<p><strong>VILLASANTA<\/strong><br \/>\nSi seguito il programma di eventi organizzato dal Comune di Villasanta in collaborazione con A.N.P.I.:<br \/>\n<em>Sabato 26 gennaio \u2013 3 febbraio<\/em><br \/>\nOre 16.00 \u2013\u00a0Inaugurazione mostra \u201cLo sterminio in Europa\u201d<br \/>\nPresentazione a cura della sez. A.N.P.I. Villasanta<br \/>\nLetture dal diario di Anne Frank e di altri deportati nei lager nazisti a cura degli studenti dell\u2019I.C. Villasanta coordinati dai docenti e dei gruppi di lettura della Biblioteca Civica seguiti dalla Prof.ssa A. Ronzio<br \/>\nSale Rosanna Lissoni, Villa Camperio<br \/>\nOrari di apertura al pubblico: da marted\u00ec a domenica ore 10.00\/12.00 e 15.00\/18.00.<br \/>\nVisite guidate riservate agli studenti a cura della sez. A.N.P.I Villasanta<br \/>\n<strong>Sabato 26 gennaio<\/strong><br \/>\nOre 21.00 \u2013\u00a0Spettacolo musicale e teatrale \u201cLa farfala sucullo\u201d<br \/>\ndi e con Giuseppe Adduci e Sulutumana<br \/>\nCineteatro Astrolabio, Villasanta. Ingresso libero<br \/>\n<strong>Luned\u00ec 28 gennaio<\/strong><br \/>\nFilm \u201cIl sacchetto di biglie\u201d<br \/>\nRiservato agli studenti I. C. Villasanta, Cineteatro Astrolabio Villasanta<br \/>\n<em>Sabato 2 febbraio<\/em><br \/>\nOre 10.00 \u2013\u00a0Cerimonia per la posa delle \u201cPietre della Memoria\u201d<br \/>\ndei concittadini: Giuseppe Arrigoni, Gaetano Galimberti e Luigi Rossi (Internati Militari Italiani). Ritrovo piazza Oggioni<\/p>\n<p><strong>CONCOREZZO<\/strong><br \/>\nL\u2019Assessorato del Comune di Concorezzo in occasione della\u00a0Giornata della Memoria\u00a0propone,\u00a0sabato 26 gennaio\u00a0alle ore 17.00, un concerto multimediale dal titolo\u00a0\u201cLa sonata di Auschwitz\u201d. Un incontro per non dimenticare la pi\u00f9 grande tragedia del XX secolo attraverso l\u2019insolito sguardo della musica. Esecuzioni musicali dal vivo, racconti, immagini e filmati riveleranno aspetti inediti della politica culturale delle dittature nazi-fasciste e degli orrori dei campi di concentramento. L\u2019iniziativa avr\u00e0 luogo presso la Sala di Rappresentanza in piazza della Pace 2. Ingresso libero.<\/p>\n<p><strong>PARCO DELLE GROANE<\/strong><br \/>\nSar\u00e0 uno spettacolo teatrale a cura dell\u2019associazione culturale\u00a0Cartanima Teatro di Seregno\u00a0il momento clou delle celebrazioni del\u00a0Giorno della Memoria\u00a0del\u00a0Parco delle Groane. Domenica 20 gennaio si potr\u00e0 assistere a una rappresentazione \u201citinerante\u201d che toccher\u00e0 pi\u00f9 punti della Polveriera, il tema sar\u00e0 quello delle deportazioni. Gli attori accompagneranno il pubblico in un viaggio di ricordi e testimonianze per non dimenticare. Il titolo \u00e8\u00a0\u201cI ricordi non possono aspettare. La memoria non dura un giorno\u201d\u00a0e parteciperanno anche gli allievi dell\u2019Academy Musical Arts. Introdurr\u00e0 la mattinata il Presidente del Parco delle Groane\u00a0Roberto Della Rovere.\u00a0Oltre al teatro ci sar\u00e0 anche un momento dedicato alle testimonianze di Milena Bracesco, figlia di Enrico vittima della deportazione; Fabio Lopez, figlio di Guido, un salvato; Pietro Arienti, scrittore, esperto sulla deportazione. Spazio anche alla presentazione del \u201cComitato per le Pietre d\u2019Inciampo di Monza e Brianza\u201d a cura di Roberta Miotto dell\u2019Associazione Senza Confini.<br \/>\nLo spettacolo, ad ingresso libero, avr\u00e0 inizio alle\u00a010.00\u00a0presso il\u00a0Centro Parco Polveriera\u00a0in via della Polveriera 2, Solaro.<\/p>\n<p><strong>CESANO MADERNO\u00a0<\/strong><br \/>\n<em>Sabato 26 gennaio<\/em><br \/>\nOre 10.00 \u2013 Palazzo Comunale, Piazza Arese<br \/>\nPosa della Pietra D\u2019Inciampo\u00a0dedicata ad ARTURO MARTINELLI\u00a0(1916-1944), deportato e assassinato a Fossoli il 12.07.1944. Presentazione a cura degli studenti della Scuola Media Salvo D\u2019Acquisto<br \/>\nOre 15.00 \u2013 Biblioteca Civica V. Pappalettera, via Borromeo, 5<br \/>\nSTORIE PER LA GIORNATA DELLA MEMORIA letture sulla Shoah per bambini<br \/>\nA cura di Amici Biblioteca \u201cV. Pappalettera\u201d e ANPI Cesano<br \/>\nPartecipazione gratuita ma con prenotazione obbligatoria a biblioteca@comune.cesano-maderno.mb.it<br \/>\n<em>Dal 27 gennaio 2019 al 25 aprile<\/em><br \/>\nMostra UNA VALIGIA PER CLARA una cesanese ad Auschwitz<br \/>\nAuditorium Disar\u00f2, Piazza Monsignor Arrigoni<br \/>\nLa storia della Shoah italiana raccontata attraverso le vicende di Clara Levi, giovane ebrea nata a Cesano, e della sua famiglia. A cura degli studenti degli istituti Majorana e Versari di Cesano Maderno<br \/>\nOrari: Sabato 15.00-19.00 | Domenica 10.00-12.00 \/ 15.00-19.00. Ingresso libero<br \/>\n<em>Domenica 3 febbraio<\/em><br \/>\nOre 17.00 \u2013 Sala Aurora di Palazzo Borromeo, via Borromeo, 5<br \/>\nSHOAH: LE DONNE conferenza di Marina Napoletano<br \/>\nInterventi musicali a cura dell\u2019Associazione Pro Musica.<\/p>\n<p><strong>LISSONE<\/strong><br \/>\n<em>Sabato 26 gennaio<\/em><br \/>\nOre 11.00 \u2013 Palazzo Terragni, piazza libert\u00e0<br \/>\nIL SONNO DELLA RAGIONE mostra fotografica e documentaristica<br \/>\na cura del Centro Culturale Fotografico Club F64. Immagini di Antonio Riva con il coordinamento di Danilo Arosio. La mostra rester\u00e0 aperta\u00a0fino al 27 gennaio h 10.00-12.30\/15.00-19.00<br \/>\nOre 11.30 \u2013 Palazzo Terragni, piazza Libert\u00e0<br \/>\nSpettacolo Teatrale\u00a0rivolto ai ragazzi delle classi quinte \u2013 L.S. Enriques Lissone<br \/>\nRegia di Filippo Mussi, con la Compagnia Teatrale Instabile<br \/>\nOre 14.00 \u2013 Stadio Comunale Brugola, Via Dante Alighieri, 30<br \/>\nPosa della Pietra d\u2019Inciampo dedicata a MARIO BETTEGA\u00a0(1918-1945), lissonese deportato e assassinato nel Campo di Sterminio di Mauthausen il 19.03.1945<br \/>\n<em>Domenica 27 gennaio<\/em><br \/>\nOre 16.00 \u2013 Palazzo Terragni, piazza Libert\u00e0<br \/>\nIL LAVORO RENDE LIBERI<br \/>\nSpettacolo teatrale aperto alla cittadinanza. Regia di Filippo Mussi con la Compagnia Teatro Instabile \u2013 Ingresso libero<\/p>\n<p><strong>SEREGNO<\/strong><br \/>\n<em>Sabato 26 gennaio<\/em><br \/>\nOre 8.30 \u2013 Cinema Roma, via Umberto 1\u00b0, 14<br \/>\nProiezioni scolastiche con il film LA SIGNORA DELLO ZOO DI VARSAVIA<br \/>\nRegia di Nlkl Caro<br \/>\nOre 15.30 \u2013 Ca\u2019 Bianca, via Trabattoni,83<br \/>\nPosa della Pietra d\u2019inciampo dedicata alla famiglia GANI:\u00a0Giuseppe Gani, Speranza Zaccar, Regina Gani, Ester Gani, Alberto Gani (1944\/1945) sfollati da Milano a Seregno, deportati e assassinati ad Auschwitz e Bergen Belsen. Assolo di violino dal film \u201cSchindler\u2019s list\u201d di Valentino Villa<br \/>\n<em>Dal 26 gennaio 2019 al 3 febbraio<\/em><br \/>\nMuseo Vignoli, Via Santino de Nova 26<br \/>\nMostra INDIFFERENZA.\u00a0Importante \u00e8 tornare a credere che sia possibile fare la differenza del gruppo Giovani pittori crescono, a cura dell\u2019Istituto Levi di Seregno.<br \/>\nOrari: dal 26 gennaio al 3 febbraio dalle l0.00 alle 12.00 e dalle 16.00 alle 19.00<br \/>\nVisite guidate: dal 28 gennaio al 1 febbraio dalle 16.00 alle 19.00. La mattina su prenotazione al 366.2790540 (Walter Canzi) e-mail: walter.canzi@gmail.com<br \/>\n<em>Luned\u00ec 28, marted\u00ec 29 e domenica 30 gennaio<\/em><br \/>\nOre 9.30 \u2013 Auditorium, Piazza Risorgimento, 36<br \/>\nLA NOTTE.\u00a0Lettura scenica per le scuole del regista e attore Christian Poggioni dal romanzo di Elie Wiesel a cura del Liceo Parini di Seregno.<\/p>\n<p><strong>VIMERCATE<\/strong><br \/>\nDi seguito gli eventi organizzati a Vimercate per ricordare la Shoah, le leggi razziali, la persecuzione italiana dei Cittadini Ebrei, gli Italiani che hanno subito la deportazione, la prigionia, la morte.<br \/>\nEVENTI A CURA DI ANPI VIMERCATE, SEZIONE \u201cMARTIRI VIMERCATESI\u201d<br \/>\n<em>Dal 22 gennaio al 4 febbraio<\/em><br \/>\nAtrio Auditorium Biblioteca<br \/>\nEsposizione dei disegni realizzati dai bambini nel lager di Terezin<br \/>\n<em>Dal 25 gennaio al 2 febbraio<\/em><br \/>\nGiardino della Biblioteca civica<br \/>\nCostellazione Partigiana\u00a0\u2013 Installazione d\u2019arte contemporanea a cura di Koin\u00e8, in collaborazione con la Biblioteca civica<br \/>\n<em>Venerd\u00ec 25 gennaio<\/em><br \/>\nOre 21.00 \u2013 Auditorium Biblioteca<br \/>\nIl requiem di Verdi nel lager di Terezin\u00a0\u2013 La funzione della musica nei campi di concentramento nazisti<br \/>\nSerata di letture e video tratte dal libro Il requiem di Terezin di Josef Bor<br \/>\nALTRI EVENTI<br \/>\n<em>Venerd\u00ec 25 gennaio<\/em><br \/>\nOre 21.00 \u2013\u00a0TeatrOreno, via Madonna, 14<br \/>\nC\u2019ERA UN\u2019ORCHESTRA AD AUSCHWITZ<br \/>\nSpettacolo a cura della Compagnia Teatrale Alma Ros\u00e9<br \/>\nDirezione artistica ArteVox Teatro \u2013 Ingresso \u20ac 7<br \/>\n<em>Da sabato 26 gennaio<\/em><br \/>\nSpazio espositivo Sorgente, piazza S. Michele Oreno<br \/>\nRESTIAMO UMANI \u2013 40 tavole a fumetti.<br \/>\n10 eroi che si sono opposti al nazismo. 11 motivi per restare uomini. 12 storie per celebrare il giorno della memoria. 26 gennaio 2019, ore 21.00:\u00a0 Inaugurazione e presentazione, con Francesco \u201cIve\u201d Lombardo e Luca Malini (ed. Memoria del mondo). Aperture successive dal 27 gennaio al 19 febbraio: sabato ore 13.30-17; domenica ore 10-12 e 15-19. Per visite durante la settimana: sorgente.oreno@gmail.com<br \/>\nIngresso libero<br \/>\n<em>Marted\u00ec 29 gennaio<\/em><br \/>\nAuditorium Biblioteca civica<br \/>\nIL FIGLIO DI SAUL di L\u00e1szl\u00f3 Nemes<br \/>\nA cura di Bloomcinema nell\u2019ambito della rassegna di cinema d\u2019autore Specchio magico<br \/>\nPresentazione film ore 20.45 \u2013 Inizio film ore 21<br \/>\nBiglietti: \u20ac 6 intero \u2013 \u20ac 5 ridotto over65 e tessera CUBI \u2013 \u20ac 3 under26<br \/>\nInfo: bloomcinema@bloomnet.org \u2013 039623853<\/p>\n<p><strong>MUGGI\u00d2<\/strong><br \/>\n<em>Sabato 26 gennaio<\/em><br \/>\nOre 11.00 \u2013 Sala Ovale Casati, piazza Matteotti 1<br \/>\nConferenza\u00a0a cura del Presidente dell\u2019Aned Sezione di Sesto San Giovanni \u2013 Monza. Giuseppe Volata ricorda Michele Robecchi e gli altri deportati muggioresi<br \/>\nOre 12.00 \u2013 Portico di Villa Casati, piazza Matteotti 1<br \/>\nPiccolo rinfresco<br \/>\nOre 13.00 \u2013 Via Baruso 15<br \/>\nCerimonia della posa della prima Pietra d\u2019Inciampo dedicata a Michele Robecchicon la presenza dell\u2019artista Gunter Demnig<br \/>\n<em>Venerd\u00ec 25 gennaio<\/em><br \/>\nOre 21.00 \u2013 Auditorium Parrocchiale, piazza del Burghett<br \/>\nStorie, canti, musiche dei Cantosociale\u00a0\u2013 Triangolo blu, triangolo rosa, triangolo rosso\u2026 loro portavano il triangolo giallo. A cura della Cooperativa Edificatrici di Muggi\u00f2<br \/>\n<em>Sabato 26 gennaio<\/em><br \/>\nOre 14.15 \u2013 Parco Nord, ingresso Sesto San Giovanni, via Clerici 50<br \/>\nManifestazione al monumento al deportato del Parco Nord<br \/>\n<em>Venerd\u00ec 1 febbraio<\/em><br \/>\nOre 21.00 \u2013 Sala Civica Palazzo Isimbardi, piazza Matteotti<br \/>\nUccidere stanca \u2013 Spettacolo teatrale a cura dell\u2019Ass. Libertamente<\/p>\n<p><strong>CERIANO LAGHETTO<\/strong><br \/>\nLa Proloco Ceriano Laghetto presenta, domenica 27 gennaio alle ore 16.00, la fiaba d\u2019animazione e spettacolo\u00a0IL BURATTINAIO EBREO E LA SCATOLA DI BURATTINI\u00a0presso la Sala Teatro \u201cDon Carlo Robbiati\u201d dell\u2019Oratorio di Ceriano Laghetto. Ingresso 5 euro.<br \/>\nPer prenotazioni: on line attraverso il link sul <a href=\"http:\/\/www.prolococerianolaghetto.com\/\">sito<\/a>\u00a0 telefonicamente o presso la sede di Via Cadorna 10 negli orari di apertura. Per informazioni prevendite: 347\/7955402- 347\/6855070<br \/>\nIl Consiglio Comunale dei Ragazzi e delle Ragazze in collaborazione con l\u2019Amministrazione Comunale e la Scuola Secondaria \u201cAldo Moro\u201d organizza\u00a0venerd\u00ec 1 febbraio\u00a0alle ore 18.00 in Sala Consiliare, in occasione della Giornata della Memoria e il Giorno del Ricordo, introduzione, proiezione e commento del film\u00a0\u201cMi ricordo Anna Frank\u201d\u00a0di Alberto Negrin. A cura degli alunni del C.C.R.R. scuola \u201cA.Moro\u201d<\/p>\n<p><strong>CAVENAGO BRIANZA<\/strong><br \/>\n<em>Sabato 26 gennaio<\/em><br \/>\nBiblioteca Comunale dalle ore 9.30 alle 12.30<br \/>\nSar\u00e0 possibile ascoltare storie e testimonianze lette dai volontari lettori delle classi terze della secondaria di primo grado dell\u2019Istituto comprensivo Ada Negri<br \/>\n<em>Domenica 27 gennaio<\/em><br \/>\nOre 20.45\u00a0Salone di Apollo di Palazzo Rasini<br \/>\nConcerto della memoria per banda e pianoforte<br \/>\nUna serata di musica, testimonianze, immagini a cura del Civico Corpo Musicale Bandistico\u00a0e al pianoforte Simona Rosella Guariso.<\/p>\n<p><strong>AGRATE BRIANZA<\/strong><br \/>\n<em>Sabato 26 gennaio<\/em><br \/>\nOre 21.00 \u2013 Chiesa di S. Eusebio<br \/>\nConcerto \u201cAlice la pianista di Theresienstadt\u201d<br \/>\ncon Alice Baccalini, pianoforte; Rachel O\u2019Brien, mezzosoprano; Elda Olivieri, voce recitante<br \/>\nIngresso gratuito. Per info 039.2027002<br \/>\nwww.comune.agratebrianza.mb.it<br \/>\nwww.teatrobinarioduse.com<\/p>\n<p><strong>COGLIATE<\/strong><br \/>\nLa lista civica Uniti per Cogliate organizza,\u00a0domenica 27 gennaio, per celebrare la Giornata della Memoria la\u00a0proiezione del docufilm \u201c1939 Diversi\u201d\u00a0sul tema delle leggi razziali, che parla di discriminazioni e intolleranza. Un\u2019occasione preziosa di riflessione. Appuntamento alle ore 18.00 presso\u00a0il Bar Al 9 \u2013 Circolo dell\u2019Agnello, via XXV Aprile 7.\u00a0Ingresso libero.\u00a0Clicca qui\u00a0per visualizzare il trailer.<\/p>\n<p><strong>LECCO E LECCHESE<\/strong><br \/>\nDomenica 27 Gennaio, alle 21, al\u00a0\u00a0Teatro comunale &#8220;Fabrizio de Andr\u00e9&#8221; di Mandello del Lario,\u00a0lo\u00a0spettacolo &#8220;Via degli Uccelli, 78&#8243;.\u00a0Il ghetto di Varsavia attraverso gli occhi di un bambino&#8221; tratto dal libro &#8220;L&#8217;isola in Via degli Uccelli&#8221; di Uri Orlev narra la storia di Alex un ragazzo di 11 anni che abbarbicato all&#8217;ultimo piano di un edificio bombardato in Via degli Uccelli, costruisce, per s\u00e9 e per Neve, un mondo sicuro, un&#8217;isola, accessibile solo mediante una scala di corda. E questo suo nido tra i tetti del ghetto di Varsavia non \u00e8 cos\u00ec diverso dall&#8217;isola deserta di Robinson Crusoe. Alex deve aspettare l\u00ec suo padre e nell&#8217;attesa sopravvive da solo per mesi racimolando ci\u00f2 che gli serve dalle altre case. Pur rimanendo sempre all&#8217;erta per timore di essere catturato, Alex inizia ad esplorare il suo nuovo mondo, vive la sua avventura nel continuo tentativo di ristabilire una normalit\u00e0: un rifugio-stanza, i viveri, i libri, i giocattoli, le conversazioni con il topolino Neve&#8230; Ma Alex pu\u00f2 vedere attraverso uno spioncino il resto del mondo, la vita fuori dai muri del ghetto, una vita normale. Per Alex \u00e8 una rivelazione, un richiamo irresistibile che lo porter\u00e0 a sfidare la paura oltre quel muro. I testi e la regia sono di Massimo Navone e sul palco Antonio Rota.\u00a0Ingresso libero.<\/p>\n<p>Il 31 gennaio 2019, alle ore 21, in Sala Ticozzi (via Ongania) a Lecco gli studenti del liceo scientifico e musicale \u00abG.B. Grassi\u00bb terranno il concerto \u00abAttraverso la musica per non dimenticare\u00bb. Verranno eseguite musiche dalla tradizione popolare ebraica.<\/p>\n<p>Sedici appuntamenti\u00a0di alto profilo per quella che senza dubbio \u00e8 la\u00a0maggiore rassegna del territorio\u00a0pensata in occasione\u00a0del\u00a0Giorno della Memoria.\u00a0Si tratta di\u00a0Percorsi nella Memoria, il fitto calendario di eventi promosso in Brianza dal\u00a0Consorzio Brianteo Villa Greppi, sotto la direzione scientifica di Daniele Frisco.\u00a0Tra gli appuntamenti di punta ci sono il convegno \u201cI Lager nazisti in Italia, fra storia e memoria\u201d (fissato per il 9 febbraio alle 16.30, a Villa Greppi) e le conferenze con lo storico Michele Sarfatti (luned\u00ec 21 gennaio alle 21, nella Biblioteca comunale di Bulciago), con la Professoressa dell\u2019Universit\u00e0 degli Studi di Bergamo Valentina Pisanty, protagonista della conferenza \u201cEducare all\u2019odio: La difesa della razza 1938-1943\u201d, e con lo storico Davide Conti, ai \u201cPercorsi nella memoria\u201d per parlare del suo libro \u201cGli uomini di Mussolini. Prefetti, questori e criminali di guerra dal fascismo alla Repubblica italiana\u201d (1 febbraio, a Veduggio con Colzano). In cartellone, poi, la testimonianza di Sultana Razon (il 2 febbraio, a Correzzana), sopravvissuta alla deportazione, e la presentazione dei libri \u201cI luoghi della memoria ebraica di Milano\u201d di Francesca Costantini (il 7 febbraio, a Cassago Brianza), \u201c1938. Storia, racconto, memoria\u201d con la coautrice Vanessa Roghi (il 5 febbraio, a Sirtori) e \u201cGli occhiali del sentimento. Ida Bonfiglioli: un secolo di storia nella memoria di un\u2019ebrea ferrarese\u201d della giornalista e scrittrice Sabina Fedeli (il 30 gennaio, a Vigan\u00f2). Tre gli spettacoli teatrali in programma, da \u201cSchnell Schnell\u201d di e con l\u2019attore Vanni De Lucia (il 27 gennaio, a Cernusco Lombardone) a \u201cQuesto \u00e8 stato\u201d con Lucia Vita (il 29, a Briosco), passando per \u201cTre donne nell\u2019inferno dei Lager\u201d (il 24, a Cremella), mentre i film scelti per questa edizione sono \u201cConcorrenza sleale\u201d di Ettore Scola, \u201cAmen\u201d di Costa-Gavras e \u201cIl labirinto del silenzio\u201d di Giulio Ricciarelli (31 gennaio, a Usmate Velate). Non manca la musica, con un concerto a cura della Scuola A. Guarnieri del Consorzio Villa Greppi (il 20 gennaio, a Barzan\u00f2) e l\u2019incontro \u201cLa sonata di Auschwitz\u201d in compagnia del violinista e storico della musica Maurizio Padovan (il 25 gennaio, a Barzago).<br \/>\nSabato 26 gennaio alle 21 presso la chiesa di San Leonardo a Malgrate, il concerto\u00a0&#8211; dal titolo emblematico\u00a0\u201cRicordare sempre\u201d\u00a0&#8211; vedr\u00e0 protagonista\u00a0il cantante calolziese Salvatore De Gennaro (voce narrante e canto) insieme al quartetto d\u2019archi dell\u2019Orchestra Sinfonica di Lecco composto da Francesco Romeo e Barbara Testori (violini), Luca Antepolla (viola) e Gisella Romeo (violoncello) con la direzione artistica di Silvio Romeo. Il concerto vedr\u00e0 inolre la partecipazione del Coro dei Ragazzi dell\u2019Istituto comprensivo di Premana diretti dal maestro Lionello Colombo. Una manifestazione curata in ogni dettaglio, che nasce da un\u2019idea e da un progetto di Paolo D\u2019Anna,\u00a0regista e scrittore calolziese impegnato anche in una serie di apprezzati spettacoli dedicati a\u00a0Pier Paolo Pasolini e Alda Merini.<\/p>\n<p>&nbsp;<\/p>\n","protected":false},"excerpt":{"rendered":"<p>Numerose, anche quest\u2019anno, le iniziative legate al\u00a0Giorno della Memoria,\u00a0la ricorrenza che si celebra il\u00a027 gennaio\u00a0in ricordo dello sterminio e delle persecuzioni del popolo ebraico e dei deportati militari e politici italiani nei campi di concentramento nazisti. Per approfondire il tema la Cisl Mbl vi propone la lettura di \u00abLa memoria senza ossessione\u00bb, un articolo scritto [&hellip;]<\/p>\n","protected":false},"author":5,"featured_media":4086,"comment_status":"closed","ping_status":"open","sticky":false,"template":"","format":"standard","meta":{"footnotes":""},"categories":[1],"tags":[253,95,22,255,254],"class_list":{"0":"post-4085","1":"post","2":"type-post","3":"status-publish","4":"format-standard","5":"has-post-thumbnail","7":"category-notizie","8":"tag-giornata-della-memoria","9":"tag-lecco","10":"tag-monza","11":"tag-olocausto","12":"tag-shoah","13":"czr-hentry"},"_links":{"self":[{"href":"https:\/\/www.monzalecco.lombardia.cisl.it\/index.php?rest_route=\/wp\/v2\/posts\/4085","targetHints":{"allow":["GET"]}}],"collection":[{"href":"https:\/\/www.monzalecco.lombardia.cisl.it\/index.php?rest_route=\/wp\/v2\/posts"}],"about":[{"href":"https:\/\/www.monzalecco.lombardia.cisl.it\/index.php?rest_route=\/wp\/v2\/types\/post"}],"author":[{"embeddable":true,"href":"https:\/\/www.monzalecco.lombardia.cisl.it\/index.php?rest_route=\/wp\/v2\/users\/5"}],"replies":[{"embeddable":true,"href":"https:\/\/www.monzalecco.lombardia.cisl.it\/index.php?rest_route=%2Fwp%2Fv2%2Fcomments&post=4085"}],"version-history":[{"count":3,"href":"https:\/\/www.monzalecco.lombardia.cisl.it\/index.php?rest_route=\/wp\/v2\/posts\/4085\/revisions"}],"predecessor-version":[{"id":4090,"href":"https:\/\/www.monzalecco.lombardia.cisl.it\/index.php?rest_route=\/wp\/v2\/posts\/4085\/revisions\/4090"}],"wp:featuredmedia":[{"embeddable":true,"href":"https:\/\/www.monzalecco.lombardia.cisl.it\/index.php?rest_route=\/wp\/v2\/media\/4086"}],"wp:attachment":[{"href":"https:\/\/www.monzalecco.lombardia.cisl.it\/index.php?rest_route=%2Fwp%2Fv2%2Fmedia&parent=4085"}],"wp:term":[{"taxonomy":"category","embeddable":true,"href":"https:\/\/www.monzalecco.lombardia.cisl.it\/index.php?rest_route=%2Fwp%2Fv2%2Fcategories&post=4085"},{"taxonomy":"post_tag","embeddable":true,"href":"https:\/\/www.monzalecco.lombardia.cisl.it\/index.php?rest_route=%2Fwp%2Fv2%2Ftags&post=4085"}],"curies":[{"name":"wp","href":"https:\/\/api.w.org\/{rel}","templated":true}]}}