{"id":4097,"date":"2019-01-28T17:23:54","date_gmt":"2019-01-28T16:23:54","guid":{"rendered":"http:\/\/www.monzalecco.lombardia.cisl.it\/?p=4097"},"modified":"2019-01-28T17:40:56","modified_gmt":"2019-01-28T16:40:56","slug":"migranti-laccoglienza-ha-funzionato","status":"publish","type":"post","link":"https:\/\/www.monzalecco.lombardia.cisl.it\/?p=4097","title":{"rendered":"\u00abMigranti. L&#8217;accoglienza ha funzionato\u00bb"},"content":{"rendered":"<p><span class=\"brz-cp-color2 brz-span\">Gioved\u00ec 31 gennaio 2019, alle ore 9, al Binario 7 di Monza (via Turati), si terr\u00e0 il convegno \u00abMigranti. L\u2019accoglienza ha funzionato\u00bb con il patrocinio di Rti Bonvena, Provincia di Monza e Brianza e Anci Lombardia. L\u2019oggetto dell\u2019iniziativa riguarda l\u2019impatto sul territorio della legge immigrazione-sicurezza; al<\/span><span class=\"brz-cp-color2\">\u00a0convegno interverranno inoltre: enti locali, associazioni, cooperative, sindacati e universit\u00e0.<\/span><\/p>\n<p>A Monza ci sono tante buone notizie. Anche un modello di accoglienza richiedenti asilo particolarmente innovativo, una rete che ha ben funzionato e che funziona tuttora perch\u00e9 garantisce sicurezza alla comunit\u00e0 e dignit\u00e0 alle persone.<\/p>\n<p>La comunit\u00e0 brianzola (Comuni, associazioni, parrocchie, imprese, cittadini, ecc.) apprezza e sostiene questo progetto perch\u00e9 rappresenta un importante investimento sociale. Le risorse sono destinate non solo ai servizi previsti da bando (come vitto, alloggio e corsi di italiano) per i richiedenti asilo ospitati, ma servono anche per attivare corsi di formazione professionale, borse lavoro e tirocini, programmi di volontariato e di utilit\u00e0 sociale, attivit\u00e0 sportive, assistenza sanitaria specialistica e psicologica. Un programma di attivit\u00e0 che ha lo scopo di aiutare le persone, favorire l\u2019integrazione e migliorare la coesione sociale.<\/p>\n<p>Il sistema della rete di accoglienza, che si chiama Bonvena, (vuol dire accoglienza in Esperanto) \u00e8 composto da una ventina di enti, dalla Caritas di zona all\u2019Arci, dalle cooperative sociali alle associazioni, dalle parrocchie agli enti religiosi, a partire da i due maggiori consorzi del territorio, Consorzio Comunit\u00e0 Brianza e CS&amp;L e coinvolge la maggior parte dei Comuni della Provincia e pi\u00f9 di cento imprese della Brianza.<\/p>\n","protected":false},"excerpt":{"rendered":"<p>Gioved\u00ec 31 gennaio 2019, alle ore 9, al Binario 7 di Monza (via Turati), si terr\u00e0 il convegno \u00abMigranti. L\u2019accoglienza ha funzionato\u00bb con il patrocinio di Rti Bonvena, Provincia di Monza e Brianza e Anci Lombardia. L\u2019oggetto dell\u2019iniziativa riguarda l\u2019impatto sul territorio della legge immigrazione-sicurezza; al\u00a0convegno interverranno inoltre: enti locali, associazioni, cooperative, sindacati e universit\u00e0. [&hellip;]<\/p>\n","protected":false},"author":5,"featured_media":4098,"comment_status":"closed","ping_status":"open","sticky":false,"template":"","format":"standard","meta":{"footnotes":""},"categories":[1],"tags":[62,63],"class_list":{"0":"post-4097","1":"post","2":"type-post","3":"status-publish","4":"format-standard","5":"has-post-thumbnail","7":"category-notizie","8":"tag-migranti","9":"tag-rti-bonvena","10":"czr-hentry"},"_links":{"self":[{"href":"https:\/\/www.monzalecco.lombardia.cisl.it\/index.php?rest_route=\/wp\/v2\/posts\/4097","targetHints":{"allow":["GET"]}}],"collection":[{"href":"https:\/\/www.monzalecco.lombardia.cisl.it\/index.php?rest_route=\/wp\/v2\/posts"}],"about":[{"href":"https:\/\/www.monzalecco.lombardia.cisl.it\/index.php?rest_route=\/wp\/v2\/types\/post"}],"author":[{"embeddable":true,"href":"https:\/\/www.monzalecco.lombardia.cisl.it\/index.php?rest_route=\/wp\/v2\/users\/5"}],"replies":[{"embeddable":true,"href":"https:\/\/www.monzalecco.lombardia.cisl.it\/index.php?rest_route=%2Fwp%2Fv2%2Fcomments&post=4097"}],"version-history":[{"count":4,"href":"https:\/\/www.monzalecco.lombardia.cisl.it\/index.php?rest_route=\/wp\/v2\/posts\/4097\/revisions"}],"predecessor-version":[{"id":4103,"href":"https:\/\/www.monzalecco.lombardia.cisl.it\/index.php?rest_route=\/wp\/v2\/posts\/4097\/revisions\/4103"}],"wp:featuredmedia":[{"embeddable":true,"href":"https:\/\/www.monzalecco.lombardia.cisl.it\/index.php?rest_route=\/wp\/v2\/media\/4098"}],"wp:attachment":[{"href":"https:\/\/www.monzalecco.lombardia.cisl.it\/index.php?rest_route=%2Fwp%2Fv2%2Fmedia&parent=4097"}],"wp:term":[{"taxonomy":"category","embeddable":true,"href":"https:\/\/www.monzalecco.lombardia.cisl.it\/index.php?rest_route=%2Fwp%2Fv2%2Fcategories&post=4097"},{"taxonomy":"post_tag","embeddable":true,"href":"https:\/\/www.monzalecco.lombardia.cisl.it\/index.php?rest_route=%2Fwp%2Fv2%2Ftags&post=4097"}],"curies":[{"name":"wp","href":"https:\/\/api.w.org\/{rel}","templated":true}]}}