{"id":4134,"date":"2019-01-31T16:27:54","date_gmt":"2019-01-31T15:27:54","guid":{"rendered":"http:\/\/www.monzalecco.lombardia.cisl.it\/?p=4134"},"modified":"2019-01-31T16:27:54","modified_gmt":"2019-01-31T15:27:54","slug":"i-pensionati-manovra-beffa","status":"publish","type":"post","link":"https:\/\/www.monzalecco.lombardia.cisl.it\/?p=4134","title":{"rendered":"I pensionati: \u00abManovra beffa\u00bb"},"content":{"rendered":"<p>Chiedevano un meccanismo di rivalutazione che tutelasse adeguatamente il potere d\u2019acquisto dei trattamenti pensionistici. Si sono ritrovati con un\u2019ulteriore penalizzazione. Una beffa contenuta nella manovra economica, non la sola, che ha innescato la mobilitazione dei pensionati di Cgil, Cisl, Uil che, sabato 9 febbraio, prenderanno cos\u00ec parte alla manifestazione nazionale promossa a Roma dai sindacati confederali.<\/p>\n<p>Una partecipazione che i pensionati brianzoli hanno preparato con un attivo unitario svoltosi questa mattina al cinema Capitol di Monza. Durante l\u2019incontro \u00e8 stato ribadito come \u00absi siano messe nuovamente le mani in tasca ai pensionati\u00bb. Perch\u00e9, chi ora percepisce una pensione fino a 1.522 euro lordi mensili (cio\u00e8 pari a tre volte il minimo 2018), potr\u00e0 fare affidamento sul 100% di rivalutazione legata all\u2019inflazione. Per gli altri pensionati, quelli che hanno diritto a un trattamento superiore a questa somma, il nuovo meccanismo prevede una stretta che comporter\u00e0 un \u00abtaglio\u00bb per il resto della vita da 63 a 405 euro lordi all\u2019anno a partire dal 2019. Il meccanismo \u00e8 penalizzante soprattutto per le pensioni medie. Di misure penalizzanti nei confronti degli evasori fiscali, come \u00e8 stato evidenziato nel corso della riunione, non si vede invece traccia.<\/p>\n<p>Spi, Fnp, Uilp della Brianza sono critiche anche nei confronti di quota 100 (\u00abpu\u00f2 essere una base di discussione, ma non basta\u00bb) e del reddito di cittadinanza (\u00abnon creer\u00e0 un solo poto di lavoro\u00bb). Sono gi\u00e0 circa 200 i pensionati brianzoli che hanno aderito alla trasferta a Roma.<\/p>\n<p>All\u2019attivo hanno preso parte anche Angela Mondellini, segretaria generale Cgil Monza Brianza, Emilio Didon\u00e8, segretario generale Fnp Cisl Lombardia, Pietro Albergoni, segretario generale Spi Cgil Monza Brianza, Giorgio Galbusera, segretario generale Fnp Cisl Monza Brianza Lecco, e Giovanni Consiglio, segretario Uilp Uil Brianza.<\/p>\n","protected":false},"excerpt":{"rendered":"<p>Chiedevano un meccanismo di rivalutazione che tutelasse adeguatamente il potere d\u2019acquisto dei trattamenti pensionistici. Si sono ritrovati con un\u2019ulteriore penalizzazione. Una beffa contenuta nella manovra economica, non la sola, che ha innescato la mobilitazione dei pensionati di Cgil, Cisl, Uil che, sabato 9 febbraio, prenderanno cos\u00ec parte alla manifestazione nazionale promossa a Roma dai sindacati [&hellip;]<\/p>\n","protected":false},"author":5,"featured_media":4135,"comment_status":"closed","ping_status":"open","sticky":false,"template":"","format":"standard","meta":{"footnotes":""},"categories":[1],"tags":[97,190,229],"class_list":{"0":"post-4134","1":"post","2":"type-post","3":"status-publish","4":"format-standard","5":"has-post-thumbnail","7":"category-notizie","8":"tag-fnp","9":"tag-manovra","10":"tag-pensionati","11":"czr-hentry"},"_links":{"self":[{"href":"https:\/\/www.monzalecco.lombardia.cisl.it\/index.php?rest_route=\/wp\/v2\/posts\/4134","targetHints":{"allow":["GET"]}}],"collection":[{"href":"https:\/\/www.monzalecco.lombardia.cisl.it\/index.php?rest_route=\/wp\/v2\/posts"}],"about":[{"href":"https:\/\/www.monzalecco.lombardia.cisl.it\/index.php?rest_route=\/wp\/v2\/types\/post"}],"author":[{"embeddable":true,"href":"https:\/\/www.monzalecco.lombardia.cisl.it\/index.php?rest_route=\/wp\/v2\/users\/5"}],"replies":[{"embeddable":true,"href":"https:\/\/www.monzalecco.lombardia.cisl.it\/index.php?rest_route=%2Fwp%2Fv2%2Fcomments&post=4134"}],"version-history":[{"count":1,"href":"https:\/\/www.monzalecco.lombardia.cisl.it\/index.php?rest_route=\/wp\/v2\/posts\/4134\/revisions"}],"predecessor-version":[{"id":4136,"href":"https:\/\/www.monzalecco.lombardia.cisl.it\/index.php?rest_route=\/wp\/v2\/posts\/4134\/revisions\/4136"}],"wp:featuredmedia":[{"embeddable":true,"href":"https:\/\/www.monzalecco.lombardia.cisl.it\/index.php?rest_route=\/wp\/v2\/media\/4135"}],"wp:attachment":[{"href":"https:\/\/www.monzalecco.lombardia.cisl.it\/index.php?rest_route=%2Fwp%2Fv2%2Fmedia&parent=4134"}],"wp:term":[{"taxonomy":"category","embeddable":true,"href":"https:\/\/www.monzalecco.lombardia.cisl.it\/index.php?rest_route=%2Fwp%2Fv2%2Fcategories&post=4134"},{"taxonomy":"post_tag","embeddable":true,"href":"https:\/\/www.monzalecco.lombardia.cisl.it\/index.php?rest_route=%2Fwp%2Fv2%2Ftags&post=4134"}],"curies":[{"name":"wp","href":"https:\/\/api.w.org\/{rel}","templated":true}]}}