{"id":4169,"date":"2019-02-05T17:15:26","date_gmt":"2019-02-05T16:15:26","guid":{"rendered":"http:\/\/www.monzalecco.lombardia.cisl.it\/?p=4169"},"modified":"2019-02-05T17:18:36","modified_gmt":"2019-02-05T16:18:36","slug":"futuroallavoro-la-carica-dei-600-lecchesi","status":"publish","type":"post","link":"https:\/\/www.monzalecco.lombardia.cisl.it\/?p=4169","title":{"rendered":"#FuturoalLavoro, la carica dei 600 (lecchesi)"},"content":{"rendered":"<p>Saranno pi\u00f9 di 600 i lecchesi che parteciperanno alla manifestazione unitaria di Cgil, Cisl e Uil che si svolger\u00e0 sabato 9 febbraio a Roma per protestare contro la Legge di Bilancio. Lo hanno comunicato i sindacati lecchesi in una conferenza stampa che si \u00e8 svolta questa mattina presso la sede della Cisl di Lecco, a cui hanno partecipato Diego Riva, Segretario Generale Cgil Lecco, Rita Pavan, Segretaria Generale Cisl Monza Brianza Lecco, e Salvatore Monteduro, Segretario Generale Uil del Lario.<\/p>\n<p>\u00abSulla manovra ci sono ovviamente aspetti su cui siamo d\u2019accordo &#8211; ha detto Rita Pavan -, ma \u00e8 l\u2019impianto generale di tipo recessivo che contestiamo; con questa manovra non si investe nello sviluppo e dunque non si crea lavoro. Noi ci saremmo augurati investimenti e non sussidi\u00bb.<\/p>\n<p>Rita Pavan ha anche parlato delle infrastrutture: \u00abIl territorio lecchese sa benissimo quanto siano necessari investimenti sulle infrastrutture, ma si continua a non fare niente, cos\u00ec come sull\u2019industria 4.0 e sull\u2019alternanza scuola-lavoro, che nel nostro territorio funzionava in modo egregio\u00bb.<\/p>\n<p>Rita Pavan ha anche parlato della \u00abQuota 100\u00bb (\u00abNon \u00e8 una modifica alla legge Fornero e non d\u00e0 risposte n\u00e9 al lavoro di cura n\u00e9 ai temi che riguardano i pi\u00f9 giovani\u00bb) e del reddito di cittadinanza (\u00abAvremmo voluto un allargamento del reddito di inclusione e non un provvedimento che rischia di alimentare forme varie di assistenzialismo\u00bb).<\/p>\n<p>Diego Riva ha poi spiegato come la manifestazione di Roma sia anche una protesta specifica contro un Governo che ignora i sindacati: \u00abAbbiamo messo in campo idee e proposte, ma il Governo ha preso le sue decisioni senza consultarci. Noi chiediamo pi\u00f9 rispetto per i sindacati e per i cittadini, a cui andrebbero spiegati meglio certi provvedimenti.<\/p>\n<p>In questo periodo cos\u00ec complicato dobbiamo tornare a pensare ad alcuni diritti fondamentali come la scuola, le pensioni, la sanit\u00e0 ed un fisco equo\u00bb. Infine, Salvatore Monteduro ha sottolineato come questa manovra non crei posti di lavoro: \u00abCon questa manovra il Governo ha posto in atto azioni emergenziali che non faranno uscire le persone dalla povert\u00e0. Servono invece investimenti e politiche economiche e sociali. Noi andremo a Roma a protestare perch\u00e9 il nostro Paese ha bisogno di pi\u00f9 lavoro e non di provvedimenti assistenziali che non assicurano un futuro degno di questo nome\u00bb.<\/p>\n","protected":false},"excerpt":{"rendered":"<p>Saranno pi\u00f9 di 600 i lecchesi che parteciperanno alla manifestazione unitaria di Cgil, Cisl e Uil che si svolger\u00e0 sabato 9 febbraio a Roma per protestare contro la Legge di Bilancio. Lo hanno comunicato i sindacati lecchesi in una conferenza stampa che si \u00e8 svolta questa mattina presso la sede della Cisl di Lecco, a [&hellip;]<\/p>\n","protected":false},"author":5,"featured_media":3640,"comment_status":"closed","ping_status":"open","sticky":false,"template":"","format":"standard","meta":{"footnotes":""},"categories":[1],"tags":[149,31,190,230,248,150],"class_list":{"0":"post-4169","1":"post","2":"type-post","3":"status-publish","4":"format-standard","5":"has-post-thumbnail","7":"category-notizie","8":"tag-cgil","9":"tag-cisl","10":"tag-manovra","11":"tag-quota-100","12":"tag-reddito-di-cittadinanza","13":"tag-uil","14":"czr-hentry"},"_links":{"self":[{"href":"https:\/\/www.monzalecco.lombardia.cisl.it\/index.php?rest_route=\/wp\/v2\/posts\/4169","targetHints":{"allow":["GET"]}}],"collection":[{"href":"https:\/\/www.monzalecco.lombardia.cisl.it\/index.php?rest_route=\/wp\/v2\/posts"}],"about":[{"href":"https:\/\/www.monzalecco.lombardia.cisl.it\/index.php?rest_route=\/wp\/v2\/types\/post"}],"author":[{"embeddable":true,"href":"https:\/\/www.monzalecco.lombardia.cisl.it\/index.php?rest_route=\/wp\/v2\/users\/5"}],"replies":[{"embeddable":true,"href":"https:\/\/www.monzalecco.lombardia.cisl.it\/index.php?rest_route=%2Fwp%2Fv2%2Fcomments&post=4169"}],"version-history":[{"count":1,"href":"https:\/\/www.monzalecco.lombardia.cisl.it\/index.php?rest_route=\/wp\/v2\/posts\/4169\/revisions"}],"predecessor-version":[{"id":4170,"href":"https:\/\/www.monzalecco.lombardia.cisl.it\/index.php?rest_route=\/wp\/v2\/posts\/4169\/revisions\/4170"}],"wp:featuredmedia":[{"embeddable":true,"href":"https:\/\/www.monzalecco.lombardia.cisl.it\/index.php?rest_route=\/wp\/v2\/media\/3640"}],"wp:attachment":[{"href":"https:\/\/www.monzalecco.lombardia.cisl.it\/index.php?rest_route=%2Fwp%2Fv2%2Fmedia&parent=4169"}],"wp:term":[{"taxonomy":"category","embeddable":true,"href":"https:\/\/www.monzalecco.lombardia.cisl.it\/index.php?rest_route=%2Fwp%2Fv2%2Fcategories&post=4169"},{"taxonomy":"post_tag","embeddable":true,"href":"https:\/\/www.monzalecco.lombardia.cisl.it\/index.php?rest_route=%2Fwp%2Fv2%2Ftags&post=4169"}],"curies":[{"name":"wp","href":"https:\/\/api.w.org\/{rel}","templated":true}]}}