{"id":4196,"date":"2019-02-06T16:25:29","date_gmt":"2019-02-06T15:25:29","guid":{"rendered":"http:\/\/www.monzalecco.lombardia.cisl.it\/?p=4196"},"modified":"2019-02-06T16:25:29","modified_gmt":"2019-02-06T15:25:29","slug":"calo-produzione-cig-alla-fiocchi","status":"publish","type":"post","link":"https:\/\/www.monzalecco.lombardia.cisl.it\/?p=4196","title":{"rendered":"Calo produzione, Cig alla Fiocchi"},"content":{"rendered":"<p>La Fiocchi Munizioni ha subito un calo di produzione. Per questo motivo, sindacato e direzione hanno firmato un accordo che prevede 11 settimane di cassa integrazione ordinaria.<\/p>\n<p>\u00abLa situazione \u2013 hanno spiegato i dirigenti &#8211; \u00e8 dovuta alla flessione che si \u00e8 registrata durante il 2018 nel mercato civile americano. Il consumo \u00e8 calato e i magazzini saturi. Non \u00e8 mai piacevole fare cassa integrazione, genera sempre malumori, ma gi\u00e0 da maggio prevediamo una ripresa e quindi, in seguito, non dovrebbe essere necessaria\u00bb.<\/p>\n<p>Lo stabilimento di Belledo (Lc) ha 616 dipendenti. Fino al 20 aprile, alcune linee saranno fermate il venerd\u00ec, altre anche il gioved\u00ec, mentre per un piccolo gruppo di lavoratori \u00e8 prevista una settimana a zero ore.<\/p>\n<p>\u00abLe condizioni del mercato impongono alla Fiocchi di abbassare i livelli produttivi, questo avverr\u00e0 in modo disomogeneo per la particolarit\u00e0 dell\u2019azienda e delle sue produzioni. Alcune linee continueranno in piena attivit\u00e0, altre invece dovranno fermarsi &#8211; spiega Emilio Castelli, Fim Cisl Mbl -. Come abbiamo detto ai lavoratori nelle assemblee, sar\u00e0 fondamentale la gestione della cassa integrazione, quindi creare una rotazione pi\u00f9 ampia possibile per suddividere il peso sui lavoratori\u00bb.<\/p>\n<p>A rischio invece i lavoratori a termine o somministrati. \u00abSono 34 lavoratori i cui contratti scadranno entro luglio e su cui pesano serie problematiche rispetto alla loro riconferma \u2013 conclude Castelli \u2013 speriamo che le condizioni del mercato possano cambiare\u00bb.<\/p>\n","protected":false},"excerpt":{"rendered":"<p>La Fiocchi Munizioni ha subito un calo di produzione. Per questo motivo, sindacato e direzione hanno firmato un accordo che prevede 11 settimane di cassa integrazione ordinaria. \u00abLa situazione \u2013 hanno spiegato i dirigenti &#8211; \u00e8 dovuta alla flessione che si \u00e8 registrata durante il 2018 nel mercato civile americano. Il consumo \u00e8 calato e [&hellip;]<\/p>\n","protected":false},"author":5,"featured_media":4197,"comment_status":"closed","ping_status":"open","sticky":false,"template":"","format":"standard","meta":{"footnotes":""},"categories":[1],"tags":[261,27,260,95,262],"class_list":{"0":"post-4196","1":"post","2":"type-post","3":"status-publish","4":"format-standard","5":"has-post-thumbnail","7":"category-notizie","8":"tag-belledo","9":"tag-fim","10":"tag-fiocchi","11":"tag-lecco","12":"tag-munizioni","13":"czr-hentry"},"_links":{"self":[{"href":"https:\/\/www.monzalecco.lombardia.cisl.it\/index.php?rest_route=\/wp\/v2\/posts\/4196","targetHints":{"allow":["GET"]}}],"collection":[{"href":"https:\/\/www.monzalecco.lombardia.cisl.it\/index.php?rest_route=\/wp\/v2\/posts"}],"about":[{"href":"https:\/\/www.monzalecco.lombardia.cisl.it\/index.php?rest_route=\/wp\/v2\/types\/post"}],"author":[{"embeddable":true,"href":"https:\/\/www.monzalecco.lombardia.cisl.it\/index.php?rest_route=\/wp\/v2\/users\/5"}],"replies":[{"embeddable":true,"href":"https:\/\/www.monzalecco.lombardia.cisl.it\/index.php?rest_route=%2Fwp%2Fv2%2Fcomments&post=4196"}],"version-history":[{"count":1,"href":"https:\/\/www.monzalecco.lombardia.cisl.it\/index.php?rest_route=\/wp\/v2\/posts\/4196\/revisions"}],"predecessor-version":[{"id":4198,"href":"https:\/\/www.monzalecco.lombardia.cisl.it\/index.php?rest_route=\/wp\/v2\/posts\/4196\/revisions\/4198"}],"wp:featuredmedia":[{"embeddable":true,"href":"https:\/\/www.monzalecco.lombardia.cisl.it\/index.php?rest_route=\/wp\/v2\/media\/4197"}],"wp:attachment":[{"href":"https:\/\/www.monzalecco.lombardia.cisl.it\/index.php?rest_route=%2Fwp%2Fv2%2Fmedia&parent=4196"}],"wp:term":[{"taxonomy":"category","embeddable":true,"href":"https:\/\/www.monzalecco.lombardia.cisl.it\/index.php?rest_route=%2Fwp%2Fv2%2Fcategories&post=4196"},{"taxonomy":"post_tag","embeddable":true,"href":"https:\/\/www.monzalecco.lombardia.cisl.it\/index.php?rest_route=%2Fwp%2Fv2%2Ftags&post=4196"}],"curies":[{"name":"wp","href":"https:\/\/api.w.org\/{rel}","templated":true}]}}