{"id":4211,"date":"2019-02-08T15:39:07","date_gmt":"2019-02-08T14:39:07","guid":{"rendered":"http:\/\/www.monzalecco.lombardia.cisl.it\/?p=4211"},"modified":"2019-02-08T15:39:07","modified_gmt":"2019-02-08T14:39:07","slug":"elettricita-a-rischio-molti-posti","status":"publish","type":"post","link":"https:\/\/www.monzalecco.lombardia.cisl.it\/?p=4211","title":{"rendered":"\u00abElettricit\u00e0, a rischio molti posti\u00bb"},"content":{"rendered":"<p>Molti posti di lavoro nel settore della distribuzione dell\u2019elettricit\u00e0 sono a rischio nel Lecchese e in Brianza. \u00abQuanti \u00e8 ancora difficile dirlo \u2013 spiega Igor Manzo, Flaei Cisl Mbl -, ma saranno certamente molti. Colpa dell\u2019articolo 177 del Codice degli appalti, che mette a rischio il posto di lavoro dei dipendenti delle multiutility\u00bb. La denuncia di Manzo segue quella fatta ieri dalle colonne del quotidiano \u00abAvvenire\u00bb dal segretario generale della Flaei Cisl Carlo Meazzi.<\/p>\n<p>\u00abQuesto articolo \u2013 ha detto Meazzi -, al comma uno stabilisce che i titolari di concessioni gi\u00e0 attive alla data del 18 aprile 2016, che abbiano ricevuto un affidamento senza gara, dovranno destinare una quota pari all\u201980% dei propri contratti di importo pari o superiore ai 150mila euro mediante procedura di evidenza pubblica, mentre solo per il restante 20% potranno ricorrere a societ\u00e0 controllate o lavoro in house. L\u2019applicazione di questa norma produrrebbe una crisi strutturale delle aziende perch\u00e9 finirebbe per trasformarle in soggetti appaltatori. Verrebbe meno cos\u00ec una vasta gamma di servizi essenziali per le comunit\u00e0, le imprese e i territori, senza disporre della capacit\u00e0 di generare investimenti per modernizzare le infrastrutture, soprattutto quelle a carattere energetico\u00bb.<\/p>\n<p>Secondo Utilitalia, l\u2019associazione che raggruppa la maggior parte delle multiutility operanti in Italia, questa norma avrebbe un costo economico e sociale assai rilevante. Su tutto il territorio nazionale si potrebbero perdere tra i 145mila e i 170mila posti di lavoro, per tutte le entit\u00e0 che fanno capo alla filiera, cio\u00e8 il settore elettrico, il gas e la gestione dei rifiuti. Stessa valutazione riguarda Enel che, d\u2019altro canto, vedrebbe andare in pezzi la propria struttura di Enel distribuzione, per la quale lavorano 15.780 addetti dei quali 7mila operai e 8.500 tecnici.<\/p>\n<p>\u00abPensiamo sia necessario procedere con grande cautela per i diversi segmenti merceologici \u2013 ha concluso Meazzi -. Riteniamo indispensabile una immediata sospensione, affinch\u00e9 si proceda a una analisi approfondita delle diverse tipologie di servizio a rete interessate dall\u2019applicazione dell\u2019articolo 177. Successivamente potranno essere adottate soluzioni mirate, settore per settore, affinch\u00e9 qualit\u00e0 del lavoro, specializzazione delle professionalit\u00e0, solidit\u00e0 delle imprese e la qualit\u00e0 dei servizi non debbano essere messe in discussione\u00bb.<\/p>\n","protected":false},"excerpt":{"rendered":"<p>Molti posti di lavoro nel settore della distribuzione dell\u2019elettricit\u00e0 sono a rischio nel Lecchese e in Brianza. \u00abQuanti \u00e8 ancora difficile dirlo \u2013 spiega Igor Manzo, Flaei Cisl Mbl -, ma saranno certamente molti. Colpa dell\u2019articolo 177 del Codice degli appalti, che mette a rischio il posto di lavoro dei dipendenti delle multiutility\u00bb. La denuncia [&hellip;]<\/p>\n","protected":false},"author":5,"featured_media":4212,"comment_status":"closed","ping_status":"open","sticky":false,"template":"","format":"standard","meta":{"footnotes":""},"categories":[1],"tags":[204,137],"class_list":{"0":"post-4211","1":"post","2":"type-post","3":"status-publish","4":"format-standard","5":"has-post-thumbnail","7":"category-notizie","8":"tag-elettricita","9":"tag-flaei","10":"czr-hentry"},"_links":{"self":[{"href":"https:\/\/www.monzalecco.lombardia.cisl.it\/index.php?rest_route=\/wp\/v2\/posts\/4211","targetHints":{"allow":["GET"]}}],"collection":[{"href":"https:\/\/www.monzalecco.lombardia.cisl.it\/index.php?rest_route=\/wp\/v2\/posts"}],"about":[{"href":"https:\/\/www.monzalecco.lombardia.cisl.it\/index.php?rest_route=\/wp\/v2\/types\/post"}],"author":[{"embeddable":true,"href":"https:\/\/www.monzalecco.lombardia.cisl.it\/index.php?rest_route=\/wp\/v2\/users\/5"}],"replies":[{"embeddable":true,"href":"https:\/\/www.monzalecco.lombardia.cisl.it\/index.php?rest_route=%2Fwp%2Fv2%2Fcomments&post=4211"}],"version-history":[{"count":1,"href":"https:\/\/www.monzalecco.lombardia.cisl.it\/index.php?rest_route=\/wp\/v2\/posts\/4211\/revisions"}],"predecessor-version":[{"id":4213,"href":"https:\/\/www.monzalecco.lombardia.cisl.it\/index.php?rest_route=\/wp\/v2\/posts\/4211\/revisions\/4213"}],"wp:featuredmedia":[{"embeddable":true,"href":"https:\/\/www.monzalecco.lombardia.cisl.it\/index.php?rest_route=\/wp\/v2\/media\/4212"}],"wp:attachment":[{"href":"https:\/\/www.monzalecco.lombardia.cisl.it\/index.php?rest_route=%2Fwp%2Fv2%2Fmedia&parent=4211"}],"wp:term":[{"taxonomy":"category","embeddable":true,"href":"https:\/\/www.monzalecco.lombardia.cisl.it\/index.php?rest_route=%2Fwp%2Fv2%2Fcategories&post=4211"},{"taxonomy":"post_tag","embeddable":true,"href":"https:\/\/www.monzalecco.lombardia.cisl.it\/index.php?rest_route=%2Fwp%2Fv2%2Ftags&post=4211"}],"curies":[{"name":"wp","href":"https:\/\/api.w.org\/{rel}","templated":true}]}}