{"id":4214,"date":"2019-02-08T17:30:54","date_gmt":"2019-02-08T16:30:54","guid":{"rendered":"http:\/\/www.monzalecco.lombardia.cisl.it\/?p=4214"},"modified":"2019-02-09T10:16:17","modified_gmt":"2019-02-09T09:16:17","slug":"camera-commercio-unopportunita","status":"publish","type":"post","link":"https:\/\/www.monzalecco.lombardia.cisl.it\/?p=4214","title":{"rendered":"\u00abCamera commercio, un&#8217;opportunit\u00e0\u00bb"},"content":{"rendered":"<p><strong>A breve si costituir\u00e0 la Camera di Commercio di Como e Lecco. Cgil, Cisl e Uil. hanno ritenuto opportuno predisporre un contributo di idee del ruolo che dovrebbe esercitare. Nel testo sono riassunte osservazioni e proposte che, si spera, possano essere di stimolo per un dibattito aperto e costruttivo tra tutti i soggetti che comporranno il nuovo consiglio camerale.<\/strong><\/p>\n<p>Cgil, Cisl e Uil di Como e Lecco ritengono che la nuova Camera di Commercio di Como e Lecco pu\u00f2 essere un\u2019opportunit\u00e0 per i due territori. \u00c8 innanzitutto necessario una gestione unitaria e di valorizzazione di tutti i soggetti che compongono la nuova Camera di Commercio. Un confronto franco, costruttivo, di analisi e proposte deve essere la base che accompagni il mandato del nuovo Consiglio Camerale. \u00c8 per questo che ci permettiamo di sottoporre a tutte le Associazioni Datoriali un contributo di idee del ruolo che dovrebbe esercitare la nuova Camera di Commercio, affinch\u00e9 possa essere al servizio dei Territori.<\/p>\n<p>La crisi economica, che si era palesata nel 2008 e che dal 2015 sembrava superata, appare invece riaffacciarsi alla fine dell\u2019anno appena conclusosi e l\u2019inizio del 2019 non \u00e8 certamente ben augurante. Una difficolt\u00e0 economica che si \u00e8 manifestata in modo differente sui due territori di Como e Lecco. Nel primo si \u00e8 mostrata con pi\u00f9 intensit\u00e0 per effetto di un distretto tessile in forte fibrillazione e solo verso la fine del 2018 si \u00e8 ridimensionata e segnato una fievole ripresa. Mentre, in provincia di Lecco si \u00e8 manifestata una crescita economica pi\u00f9 vivace all\u2019inizio del 2018 per segnare poi un rallentamento a fine anno, anche qui i segnali positivi e negativi sono stati determinati soprattutto dal settore manifatturiero. La debole ripresa economica che si \u00e8 registrata nelle due Province negli anni 2016-2017 \u00e8 stata soprattutto determinata dalla domanda estera e dal settore del turismo, quest\u2019ultimo in particolar modo per la provincia di Como.<\/p>\n<p>Oggi, la guerra commerciale dei dazi doganali rischia di inficiare la debole ripresa economica e con essa gli effetti positivi sull\u2019occupazione registrati negli anni 2016 e 2017.<\/p>\n<p>Tra le priorit\u00e0, occorre consolidare azioni per l\u2019accompagnamento all\u2019innovazione soprattutto le PMI, fortemente presenti sia nel comasco che nel lecchese<\/p>\n<p>Il mercato del lavoro sta cambiando notevolmente a seguito dell\u2019innovazione tecnologica e soprattutto dei processi di digitalizzazione e informatizzazione che interessano tutti i processi produttivi, le cui ricadute occupazionali possono essere dirompenti. Cambiano notevolmente le conoscenze e competenze richieste ai lavoratori e per stare nel nuovo mercato del lavoro c\u2019\u00e8 bisogno di lavoratori 4.0.<br \/>\nLa richiesta da parte delle imprese di trovare figure professionali adeguate ai processi di innovazione tecnologica in atto, non trova risposta sia per il disallineamento ancora esistente tra mondo dell\u2019istruzione e della formazione professionale e imprese, oltre che per il carattere di precariet\u00e0 con cui avviene l\u2019accesso nel mondo del lavoro.<\/p>\n<p>Governare questo cambiamento non sar\u00e0 facile, ma \u00e8 necessario realizzarlo e farlo bene, coinvolgendo il sistema formativo ed universitario al fine di monitorare l&#8217;andamento dell&#8217;alternanza scuola\/lavoro, incidere nelle scelte che riguardano la costruzione dell&#8217;offerta formativa del territorio, promuovere l&#8217;attivazione dei percorsi di ITS (Istruzione Tecnica Superiore) presso gli Istituti Tecnici pi\u00f9 coerenti con il tessuto produttivo.<\/p>\n<p>A nostro avviso la nuova Camera di Commercio dovr\u00e0 assumersi un ruolo proattivo nel coordinare, far dialogare e mettere in rete tutti i soggetti che possono aiutare a sviluppare questo processo. Processi di elaborazione e indirizzo per stimolare il territorio nella sfera industriale e sociale, nel pubblico e nel privato. Confronti che dovranno avere la capacit\u00e0 di affrontare e progettare un\u2019idea di economia e societ\u00e0 nella quale il lavoro e la sostenibilit\u00e0 abbiano la giusta corrispondenza.<\/p>\n<p>Una maggiore competitivit\u00e0 del nostro sistema produttivo passa da una efficiente rete di infrastrutture che velocizzi il trasporto passeggeri e merci, con un sistema intermodale ferro-gomma-aereo e, per i nostri territori, anche via lago. A ci\u00f2 deve aggiungersi lo sviluppo di reti di comunicazione digitale a banda larga, che devono coprire tutte le aree delle due Province, anche e soprattutto le aree rurali e poco urbanizzate.<\/p>\n<p>Un\u2019attenzione particolare va posto alla valorizzazione del settore del turismo, con particolare riferimento sia quello lacustre che montano: pur nelle diverse storie territoriali, rappresenta un volano di forte sviluppo del nuovo territorio. In generale bisogna saper intercettare i finanziamenti pubblici e comunitari (Fesr e Feasr) che sono previsti per promuovere la coesione economica, sociale e la competitivit\u00e0 dei territori. Si deve cercare di indirizzare i processi produttivi e di prodotto nell\u2019alveo dell\u2019ecosostenibilit\u00e0, garantendo anche il tema della prevenzione e sicurezza in senso generale. Cos\u00ec come uno sviluppo del territorio non pu\u00f2 che essere improntato alla salvaguardia della legalit\u00e0.<\/p>\n<p>La nuova Camera di Commercio deve farsi promotore, collettore e facilitatore di aggregazione di soggetti Pubblici (Universit\u00e0, Enti Locali, ecc.) e Privati (Aziende, Associazioni ecc.) che presentino progetti per avere accesso ai finanziamenti di cui sopra.<\/p>\n<p>La futura Camera di Commercio sar\u00e0 rappresentativa di entit\u00e0 territoriali che hanno sviluppato modelli di Governance differenti e sono anche diversi i soggetti promotori (Tavolo della Competitivit\u00e0 a Como; Tavolo dello Sviluppo Territoriale a Lecco; Network Occupazione a Lecco). Questi luoghi di confronto, di discussione e di proposte condivise tra le associazioni di impresa e le Organizzazioni sindacali devono continuare ad avere valore ed essere rafforzati. Cos\u00ec come occorre valorizzare buone prassi consolidate in ambedue i territori. Anche il sistema Universitario \u00e8 diversamente rappresentato nei due Territori: Como con l\u2019Universit\u00e0 dell\u2019Insubria e Lecco con il Politecnico di Milano e il CNR, tutto ci\u00f2 \u00e8 un patrimonio da valorizzare e non disperdere. Ad esempio, va costruito e sostenuto un nuovo rapporto tra imprese e ricerca scientifica, che utilizzando appieno la presenza integrata dei laboratori, trasferisca i risultati tecnologici e della ricerca raggiunti alle imprese. Anche in quest\u2019ambito la Camera di Commercio pu\u00f2 e deve giocare un ruolo attivo.<\/p>\n<p>Governance: la nuova Camera di Commercio dovr\u00e0 darsi un profilo di unicit\u00e0 territoriale, tenendo conto delle peculiarit\u00e0 e delle storie che hanno caratterizzato i due territori, da questo punto di vista, sarebbe auspicabile (vedi esperienza della Camera di Commercio Milano Brianza Lodi) la costituzione di due consulte territoriali, con il compito di proporre azioni ed interventi specifici che dovranno poi trovare sintesi unitaria. A ci\u00f2 si possono affiancare consulte o commissioni dell\u2019intera Camera di Commercio, di carattere tematico.<\/p>\n<p><strong>Giacomo Licata<br \/>\n<\/strong><em>Segretario Generale Cgil Como<\/em><br \/>\n<strong>Diego Riva<br \/>\n<\/strong><em>Segretario Generale Cgil Lecco<\/em><br \/>\n<strong>Francesco Diomaiuta<\/strong><br \/>\n<em>Reggente Cisl dei Laghi Como e Varese<br \/>\n<\/em><strong>Rita Pavan<\/strong><br \/>\n<em>Segretaria Generale Cisl Monza Brianza Lecco<\/em><br \/>\n<strong>Salvatore Monteduro<\/strong><br \/>\n<em>Segretario Generale Uil del Lario Como e Lecco<\/em><\/p>\n","protected":false},"excerpt":{"rendered":"<p>A breve si costituir\u00e0 la Camera di Commercio di Como e Lecco. Cgil, Cisl e Uil. hanno ritenuto opportuno predisporre un contributo di idee del ruolo che dovrebbe esercitare. Nel testo sono riassunte osservazioni e proposte che, si spera, possano essere di stimolo per un dibattito aperto e costruttivo tra tutti i soggetti che comporranno [&hellip;]<\/p>\n","protected":false},"author":5,"featured_media":4215,"comment_status":"closed","ping_status":"open","sticky":false,"template":"","format":"standard","meta":{"footnotes":""},"categories":[1],"tags":[267,268,95],"class_list":{"0":"post-4214","1":"post","2":"type-post","3":"status-publish","4":"format-standard","5":"has-post-thumbnail","7":"category-notizie","8":"tag-camera-commercio","9":"tag-como","10":"tag-lecco","11":"czr-hentry"},"_links":{"self":[{"href":"https:\/\/www.monzalecco.lombardia.cisl.it\/index.php?rest_route=\/wp\/v2\/posts\/4214","targetHints":{"allow":["GET"]}}],"collection":[{"href":"https:\/\/www.monzalecco.lombardia.cisl.it\/index.php?rest_route=\/wp\/v2\/posts"}],"about":[{"href":"https:\/\/www.monzalecco.lombardia.cisl.it\/index.php?rest_route=\/wp\/v2\/types\/post"}],"author":[{"embeddable":true,"href":"https:\/\/www.monzalecco.lombardia.cisl.it\/index.php?rest_route=\/wp\/v2\/users\/5"}],"replies":[{"embeddable":true,"href":"https:\/\/www.monzalecco.lombardia.cisl.it\/index.php?rest_route=%2Fwp%2Fv2%2Fcomments&post=4214"}],"version-history":[{"count":1,"href":"https:\/\/www.monzalecco.lombardia.cisl.it\/index.php?rest_route=\/wp\/v2\/posts\/4214\/revisions"}],"predecessor-version":[{"id":4216,"href":"https:\/\/www.monzalecco.lombardia.cisl.it\/index.php?rest_route=\/wp\/v2\/posts\/4214\/revisions\/4216"}],"wp:featuredmedia":[{"embeddable":true,"href":"https:\/\/www.monzalecco.lombardia.cisl.it\/index.php?rest_route=\/wp\/v2\/media\/4215"}],"wp:attachment":[{"href":"https:\/\/www.monzalecco.lombardia.cisl.it\/index.php?rest_route=%2Fwp%2Fv2%2Fmedia&parent=4214"}],"wp:term":[{"taxonomy":"category","embeddable":true,"href":"https:\/\/www.monzalecco.lombardia.cisl.it\/index.php?rest_route=%2Fwp%2Fv2%2Fcategories&post=4214"},{"taxonomy":"post_tag","embeddable":true,"href":"https:\/\/www.monzalecco.lombardia.cisl.it\/index.php?rest_route=%2Fwp%2Fv2%2Ftags&post=4214"}],"curies":[{"name":"wp","href":"https:\/\/api.w.org\/{rel}","templated":true}]}}