{"id":4217,"date":"2019-02-09T10:25:14","date_gmt":"2019-02-09T09:25:14","guid":{"rendered":"http:\/\/www.monzalecco.lombardia.cisl.it\/?p=4217"},"modified":"2019-02-09T10:17:40","modified_gmt":"2019-02-09T09:17:40","slug":"iperdi-superdi-quattro-negozi-riaprono","status":"publish","type":"post","link":"https:\/\/www.monzalecco.lombardia.cisl.it\/?p=4217","title":{"rendered":"IperD\u00ec-SuperD\u00ec, quattro negozi riaprono"},"content":{"rendered":"<p>Quattordici punti vendita ex IperD\u00ec-SuperD\u00ec riapriranno nei prossimi giorni. \u00c8 questo il frutto dell\u2019accordo siglato il 4 febbraio nella sede di Federdistribuzione. L\u2019intesa prevede la cessione in affitto di 14 punti vendita: 9 a Italmarket e 5 a Famila. Dei 700 dipendenti, 270 riprenderanno a lavorare, per gli altri 430 \u00e8 prevista la cassa integrazione straordinaria per un anno.<\/p>\n<p>Anche la Brianza sar\u00e0 coinvolta. I punti vendita di Cogliate, Cornate e Muggi\u00f2 sono stati ceduti a Italmarket, mentre quello di Barlassina a Famila. \u00abBarlassina, Cogliate e Cornate \u2013 osserva Francesco Barazzetta, Fisascat Cisl Mbl \u2013 riapriranno entro la met\u00e0 della prossima settimana. Muggi\u00f2 riaprir\u00e0 anch\u2019esso, ma pi\u00f9 avanti. Probabilmente entro il 20 febbraio, al massimo entro la fine del mese. Come sindacato siamo soddisfatti per questa prima intesa che tutela una parte importante di posti di lavoro. Rimane la preoccupazione per i 430 lavoratori che sono rimasti fuori questo accordo. Lavoriamo per riuscire a trovare una soluzione anche per loro\u00bb.<\/p>\n","protected":false},"excerpt":{"rendered":"<p>Quattordici punti vendita ex IperD\u00ec-SuperD\u00ec riapriranno nei prossimi giorni. \u00c8 questo il frutto dell\u2019accordo siglato il 4 febbraio nella sede di Federdistribuzione. L\u2019intesa prevede la cessione in affitto di 14 punti vendita: 9 a Italmarket e 5 a Famila. Dei 700 dipendenti, 270 riprenderanno a lavorare, per gli altri 430 \u00e8 prevista la cassa integrazione [&hellip;]<\/p>\n","protected":false},"author":5,"featured_media":2946,"comment_status":"closed","ping_status":"open","sticky":false,"template":"","format":"standard","meta":{"footnotes":""},"categories":[1],"tags":[101,102,103],"class_list":{"0":"post-4217","1":"post","2":"type-post","3":"status-publish","4":"format-standard","5":"has-post-thumbnail","7":"category-notizie","8":"tag-fisascat","9":"tag-iperdi","10":"tag-superdi","11":"czr-hentry"},"_links":{"self":[{"href":"https:\/\/www.monzalecco.lombardia.cisl.it\/index.php?rest_route=\/wp\/v2\/posts\/4217","targetHints":{"allow":["GET"]}}],"collection":[{"href":"https:\/\/www.monzalecco.lombardia.cisl.it\/index.php?rest_route=\/wp\/v2\/posts"}],"about":[{"href":"https:\/\/www.monzalecco.lombardia.cisl.it\/index.php?rest_route=\/wp\/v2\/types\/post"}],"author":[{"embeddable":true,"href":"https:\/\/www.monzalecco.lombardia.cisl.it\/index.php?rest_route=\/wp\/v2\/users\/5"}],"replies":[{"embeddable":true,"href":"https:\/\/www.monzalecco.lombardia.cisl.it\/index.php?rest_route=%2Fwp%2Fv2%2Fcomments&post=4217"}],"version-history":[{"count":1,"href":"https:\/\/www.monzalecco.lombardia.cisl.it\/index.php?rest_route=\/wp\/v2\/posts\/4217\/revisions"}],"predecessor-version":[{"id":4218,"href":"https:\/\/www.monzalecco.lombardia.cisl.it\/index.php?rest_route=\/wp\/v2\/posts\/4217\/revisions\/4218"}],"wp:featuredmedia":[{"embeddable":true,"href":"https:\/\/www.monzalecco.lombardia.cisl.it\/index.php?rest_route=\/wp\/v2\/media\/2946"}],"wp:attachment":[{"href":"https:\/\/www.monzalecco.lombardia.cisl.it\/index.php?rest_route=%2Fwp%2Fv2%2Fmedia&parent=4217"}],"wp:term":[{"taxonomy":"category","embeddable":true,"href":"https:\/\/www.monzalecco.lombardia.cisl.it\/index.php?rest_route=%2Fwp%2Fv2%2Fcategories&post=4217"},{"taxonomy":"post_tag","embeddable":true,"href":"https:\/\/www.monzalecco.lombardia.cisl.it\/index.php?rest_route=%2Fwp%2Fv2%2Ftags&post=4217"}],"curies":[{"name":"wp","href":"https:\/\/api.w.org\/{rel}","templated":true}]}}