{"id":4222,"date":"2019-02-09T10:28:26","date_gmt":"2019-02-09T09:28:26","guid":{"rendered":"http:\/\/www.monzalecco.lombardia.cisl.it\/?p=4222"},"modified":"2019-02-09T10:37:09","modified_gmt":"2019-02-09T09:37:09","slug":"mimmo-lucano-il-14-febbraio-a-monza","status":"publish","type":"post","link":"https:\/\/www.monzalecco.lombardia.cisl.it\/?p=4222","title":{"rendered":"Il 14 febbraio Mimmo Lucano sar\u00e0 a Monza"},"content":{"rendered":"<p>Mimmo Lucano, sindaco di Riace noto per le sue politiche di accoglienza, sar\u00e0 a Monza il 14 febbraio. Nel pomeriggio incontrer\u00e0 gli studenti del Mos\u00e8 Bianchi e di Alisei e, alle 21, la rete delle associazioni. A organizzare l&#8217;evento\u00a0\u00e8 stata una fitta rete di associazioni, enti e sindacati per affermare, ancora una volta che, sulla tematica dell\u2019accoglienza ai migranti, occorre riflette, non urlare. Per ribadire che \u00e8 meglio gestire con responsabilit\u00e0 il fenomeno e non utilizzare strumentalmente un complesso processo sociale ai soli fini propagandistici. E, soprattutto, che occorre \u00abrestare umani\u00bb, investire nella speranza e non sulla paura e sull\u2019odio.<\/p>\n<p>\u00abLa Brianza che accoglie\u00bb, questo il titolo dell\u2019evento di gioved\u00ec 14 febbraio alle 21 al Teatro Binario 7 di via Turati, 8, a Monza. A sostenere l\u2019iniziativa le confederazioni brianzole di Cgil, Cisl e Uil, e le realt\u00e0 associative locali di Anpi, Libera, Emergency, Arci, Acli e Desbr\u00ec. Ma \u00e8 una rete che si sta ampliando, ora dopo ora: sono tante le associazioni brianzole che vogliono far sentire il proprio sostegno.<\/p>\n<p>\u00abNella piccola cittadina calabrese \u2013 si legge nel volantino \u2013, il sindaco Mimmo Lucano ha sperimentato con successo un modello di accoglienza non conflittuale. Un\u2019esperienza che ha evidenziato come la solidariet\u00e0 e l\u2019integrazione possano diventare importanti leve per il rilancio delle comunit\u00e0\u00bb.<\/p>\n<p>Un modello, quello dell\u2019accoglienza diffusa, che ha dato i suoi frutti anche in Brianza: \u00abNegli ultimi anni, grazie alla disponibilit\u00e0 di alcuni sindaci e a una robusta rete associativa, anche nella nostra provincia si sono registrati progetti importanti che hanno avuto risvolti positivi per tutto il territorio\u00bb, affermano all\u2019unisono le confederazioni sindacali brianzole.<\/p>\n<p>Quello serale, non sar\u00e0 l\u2019unico appuntamento del sindaco di Riace. Alle 13, Mimmo Lucano terr\u00e0 una lezione alle studentesse e agli studenti delle classi quarte e quinte dell\u2019Istituto di Istruzione Superiore Mos\u00e8 Bianchi di Monza e alle 16 sar\u00e0 ospite della Scuola di Formazione Politica Alisei in Camera del Lavoro, sempre in citt\u00e0, per un\u2019iniziativa dal titolo \u201cDistingui giusto e legale. Etica individuale e coscienza collettiva\u201d, insieme a Mattia Maestri dell\u2019Osservatorio sulla Criminalit\u00e0 Organizzata dell\u2019Universit\u00e0 degli Studi di Milano.<\/p>\n<p><img loading=\"lazy\" decoding=\"async\" class=\"alignnone size-medium wp-image-4227\" src=\"http:\/\/www.monzalecco.lombardia.cisl.it\/wp-content\/uploads\/2019\/02\/51329542_2000670373342225_6745890160124100608_o-212x300.png\" alt=\"mimmo lucano\" width=\"212\" height=\"300\" srcset=\"https:\/\/www.monzalecco.lombardia.cisl.it\/wp-content\/uploads\/2019\/02\/51329542_2000670373342225_6745890160124100608_o-212x300.png 212w, https:\/\/www.monzalecco.lombardia.cisl.it\/wp-content\/uploads\/2019\/02\/51329542_2000670373342225_6745890160124100608_o-768x1087.png 768w, https:\/\/www.monzalecco.lombardia.cisl.it\/wp-content\/uploads\/2019\/02\/51329542_2000670373342225_6745890160124100608_o-724x1024.png 724w, https:\/\/www.monzalecco.lombardia.cisl.it\/wp-content\/uploads\/2019\/02\/51329542_2000670373342225_6745890160124100608_o.png 826w\" sizes=\"auto, (max-width: 212px) 100vw, 212px\" \/><\/p>\n","protected":false},"excerpt":{"rendered":"<p>Mimmo Lucano, sindaco di Riace noto per le sue politiche di accoglienza, sar\u00e0 a Monza il 14 febbraio. Nel pomeriggio incontrer\u00e0 gli studenti del Mos\u00e8 Bianchi e di Alisei e, alle 21, la rete delle associazioni. A organizzare l&#8217;evento\u00a0\u00e8 stata una fitta rete di associazioni, enti e sindacati per affermare, ancora una volta che, sulla [&hellip;]<\/p>\n","protected":false},"author":5,"featured_media":4223,"comment_status":"closed","ping_status":"open","sticky":false,"template":"","format":"standard","meta":{"footnotes":""},"categories":[1],"tags":[269,22],"class_list":{"0":"post-4222","1":"post","2":"type-post","3":"status-publish","4":"format-standard","5":"has-post-thumbnail","7":"category-notizie","8":"tag-mimmo-lucano","9":"tag-monza","10":"czr-hentry"},"_links":{"self":[{"href":"https:\/\/www.monzalecco.lombardia.cisl.it\/index.php?rest_route=\/wp\/v2\/posts\/4222","targetHints":{"allow":["GET"]}}],"collection":[{"href":"https:\/\/www.monzalecco.lombardia.cisl.it\/index.php?rest_route=\/wp\/v2\/posts"}],"about":[{"href":"https:\/\/www.monzalecco.lombardia.cisl.it\/index.php?rest_route=\/wp\/v2\/types\/post"}],"author":[{"embeddable":true,"href":"https:\/\/www.monzalecco.lombardia.cisl.it\/index.php?rest_route=\/wp\/v2\/users\/5"}],"replies":[{"embeddable":true,"href":"https:\/\/www.monzalecco.lombardia.cisl.it\/index.php?rest_route=%2Fwp%2Fv2%2Fcomments&post=4222"}],"version-history":[{"count":4,"href":"https:\/\/www.monzalecco.lombardia.cisl.it\/index.php?rest_route=\/wp\/v2\/posts\/4222\/revisions"}],"predecessor-version":[{"id":4228,"href":"https:\/\/www.monzalecco.lombardia.cisl.it\/index.php?rest_route=\/wp\/v2\/posts\/4222\/revisions\/4228"}],"wp:featuredmedia":[{"embeddable":true,"href":"https:\/\/www.monzalecco.lombardia.cisl.it\/index.php?rest_route=\/wp\/v2\/media\/4223"}],"wp:attachment":[{"href":"https:\/\/www.monzalecco.lombardia.cisl.it\/index.php?rest_route=%2Fwp%2Fv2%2Fmedia&parent=4222"}],"wp:term":[{"taxonomy":"category","embeddable":true,"href":"https:\/\/www.monzalecco.lombardia.cisl.it\/index.php?rest_route=%2Fwp%2Fv2%2Fcategories&post=4222"},{"taxonomy":"post_tag","embeddable":true,"href":"https:\/\/www.monzalecco.lombardia.cisl.it\/index.php?rest_route=%2Fwp%2Fv2%2Ftags&post=4222"}],"curies":[{"name":"wp","href":"https:\/\/api.w.org\/{rel}","templated":true}]}}