{"id":4241,"date":"2019-02-12T17:43:23","date_gmt":"2019-02-12T16:43:23","guid":{"rendered":"http:\/\/www.monzalecco.lombardia.cisl.it\/?p=4241"},"modified":"2019-02-12T17:43:23","modified_gmt":"2019-02-12T16:43:23","slug":"peg-si-lavora-per-evitare-i-licenziamenti","status":"publish","type":"post","link":"https:\/\/www.monzalecco.lombardia.cisl.it\/?p=4241","title":{"rendered":"Peg si lavora per evitare i licenziamenti"},"content":{"rendered":"<p>Ammortizzatori e uscite incentivate per evitare i licenziamenti alla Peg Perego. \u00c8 questa la proposta presentata alla direzione aziendale dai rappresentanti di Fim Cisl, Fiom Cgil e Rsu nell\u2019incontro di oggi.<\/p>\n<p>L\u2019incontro era stato fissato dopo che la direzione aziendale il 15 gennaio con un comunicato aveva dichiarato lo stato di difficolt\u00e0 di mercato in cui versa la societ\u00e0 brianzola e la necessit\u00e0 di intervenire attraverso un piano industriale che prevede una riorganizzazione degli stabilimenti e una riduzione del personale occupato pari al 25% della forza lavoro (110 su 440 dipendenti ad Arcore e 50 su 200 a San Don\u00e0).<\/p>\n<p>La Fim Cisl e la Fiom Cgil, insieme alla Rsu aziendale, hanno avanzato la proposta di utilizzare strumenti alternativi ai licenziamenti con ammortizzatori sociali conservativi dell\u2019occupazione. Il sindacato si \u00e8 per\u00f2 anche detto pronto a ragionare \u00abdi un alleggerimento della struttura valutando la possibilit\u00e0 di uscita dei lavoratori volontari che raggiungono i requisiti pensionistici\u00bb.<\/p>\n<p>La direzione della Peg Perego si \u00e8 detta interessata a valutare la proposta prima di aprire qualsiasi procedura di licenziamento e ha accettato di utilizzare il contratto solidariet\u00e0 in essere per tutta la durata fino alla scdenza.<\/p>\n<p>Sindacato e azienda hanno inoltre discusso sull\u2019opportunit\u00e0 di portare eventualmente la discussione e il confronto sui vari tavoli istituzionali con il fine di attenuare il pi\u00f9 possibile l\u2019impatto delle difficolt\u00e0 economiche e di mercato sui lavoratori e le lavoratrici.<\/p>\n<p>Il confronto, anche per permettere all\u2019azienda di fare le opportune valutazioni rispetto alla proposta messa sul tavolo, \u00e8 stato aggiornato al 27 febbraio con l\u2019obiettivo di giungere a una soluzione condivisa sul percorso di riorganizzazione che limiti il pi\u00f9 possibile l\u2019impatto sui livelli occupazionali.<\/p>\n<p>\u00abLa situazione \u2013 osserva Eliana Dell\u2019Acqua, Fim Cisl Mbl &#8211; non \u00e8 di facile gestione ma l\u2019obiettivo \u00e8 trovare una soluzione condivisa che non impatti drasticamente sui livelli occupazionali. A fine febbraio ci ritroveremo per dare l\u2019opportunit\u00e0 all\u2019azienda di valutare le nostre proposte\u00bb.<\/p>\n","protected":false},"excerpt":{"rendered":"<p>Ammortizzatori e uscite incentivate per evitare i licenziamenti alla Peg Perego. \u00c8 questa la proposta presentata alla direzione aziendale dai rappresentanti di Fim Cisl, Fiom Cgil e Rsu nell\u2019incontro di oggi. L\u2019incontro era stato fissato dopo che la direzione aziendale il 15 gennaio con un comunicato aveva dichiarato lo stato di difficolt\u00e0 di mercato in [&hellip;]<\/p>\n","protected":false},"author":5,"featured_media":4242,"comment_status":"closed","ping_status":"open","sticky":false,"template":"","format":"standard","meta":{"footnotes":""},"categories":[1],"tags":[128,27,270],"class_list":{"0":"post-4241","1":"post","2":"type-post","3":"status-publish","4":"format-standard","5":"has-post-thumbnail","7":"category-notizie","8":"tag-arcore","9":"tag-fim","10":"tag-peg-perego","11":"czr-hentry"},"_links":{"self":[{"href":"https:\/\/www.monzalecco.lombardia.cisl.it\/index.php?rest_route=\/wp\/v2\/posts\/4241","targetHints":{"allow":["GET"]}}],"collection":[{"href":"https:\/\/www.monzalecco.lombardia.cisl.it\/index.php?rest_route=\/wp\/v2\/posts"}],"about":[{"href":"https:\/\/www.monzalecco.lombardia.cisl.it\/index.php?rest_route=\/wp\/v2\/types\/post"}],"author":[{"embeddable":true,"href":"https:\/\/www.monzalecco.lombardia.cisl.it\/index.php?rest_route=\/wp\/v2\/users\/5"}],"replies":[{"embeddable":true,"href":"https:\/\/www.monzalecco.lombardia.cisl.it\/index.php?rest_route=%2Fwp%2Fv2%2Fcomments&post=4241"}],"version-history":[{"count":1,"href":"https:\/\/www.monzalecco.lombardia.cisl.it\/index.php?rest_route=\/wp\/v2\/posts\/4241\/revisions"}],"predecessor-version":[{"id":4243,"href":"https:\/\/www.monzalecco.lombardia.cisl.it\/index.php?rest_route=\/wp\/v2\/posts\/4241\/revisions\/4243"}],"wp:featuredmedia":[{"embeddable":true,"href":"https:\/\/www.monzalecco.lombardia.cisl.it\/index.php?rest_route=\/wp\/v2\/media\/4242"}],"wp:attachment":[{"href":"https:\/\/www.monzalecco.lombardia.cisl.it\/index.php?rest_route=%2Fwp%2Fv2%2Fmedia&parent=4241"}],"wp:term":[{"taxonomy":"category","embeddable":true,"href":"https:\/\/www.monzalecco.lombardia.cisl.it\/index.php?rest_route=%2Fwp%2Fv2%2Fcategories&post=4241"},{"taxonomy":"post_tag","embeddable":true,"href":"https:\/\/www.monzalecco.lombardia.cisl.it\/index.php?rest_route=%2Fwp%2Fv2%2Ftags&post=4241"}],"curies":[{"name":"wp","href":"https:\/\/api.w.org\/{rel}","templated":true}]}}