{"id":4252,"date":"2019-02-13T16:31:58","date_gmt":"2019-02-13T15:31:58","guid":{"rendered":"http:\/\/www.monzalecco.lombardia.cisl.it\/?p=4252"},"modified":"2019-02-13T16:31:58","modified_gmt":"2019-02-13T15:31:58","slug":"da-tor-si-al-contratto-integrativo","status":"publish","type":"post","link":"https:\/\/www.monzalecco.lombardia.cisl.it\/?p=4252","title":{"rendered":"Da-Tor, s\u00ec al contratto integrativo"},"content":{"rendered":"<p>Alla Da-Tor, azienda che produce elementi per fissaggio, dadi per raccordi utilizzati dalle case automobilistiche e nell\u2019industria degli impianti olidinamici, \u00e8 stato firmato il contratto integrativo. L\u2019intesa arriva dopo 16 mesi di trattative, un periodo lungo giustificato dal fatto che, poco pi\u00f9 di un anno fa, l\u2019azienda \u00e8 stata acquisita dalla famiglia Crippa proprietaria di Technoprobe azienda del meratese. Dopo cinque assemblee tenute nei due siti aziendali di Verderio e Calco di Verderio, la maggioranza dei 130 lavoratori ha approvato l\u2019accordo.<\/p>\n<p>Il testo prevede il rafforzamento delle relazioni sindacali per affrontare le attivita\u0300 quotidiane di lavoratori e azienda; si \u00e8 avviato un percorso di stabilizzazione dei lavoratori con contratto interinale e contratto a tempo indeterminato; si \u00e8 scommesso sulla formazione e la professionalit\u00e0 (\u00e8 stato rafforzato il percorso della formazione continua di 24 ore pro-capite a lavoratore con registrazione individuale tramite registro formativo); un\u2019importante attenzione \u00e8 stata data alla sicurezza, creando una commissione mista Rsu,Rls e Rspp, istituzione del registro dei mancati infortuni, e sperimentazione dei break formativi come metodo innovativo sulla formazione sicurezza lavoratori; viene riconosciuto il pasto notturno; si presta fondamentale attenzione alla conciliazione vita-lavoro dei dipendenti, con rafforzamento della procedura di richiesta ferie\/par, permessi per i neo padri e conferma di 8 ore di permesso retribuito per la visite specialistiche per dipendenti che ora possono essere estese anche ai figli.<\/p>\n<p>Ogni dipendente potra\u0300 raggiungere un premio di risultato di 1.500 annui, pi\u00f9 un incremento economico aggiuntivo su straordinario e flessibilita\u0300 oraria straordinaria, con possibilita\u0300 in prospettiva per l\u2019inserimento del Welfare.<\/p>\n<p>\u00abL\u2019accordo raggiunto \u2013 spiega Lorena Silvani, Fim Cisl Mbl &#8211; e\u0300 concreto. In un\u2019azienda con grande prospettiva di sviluppo si riconosce l\u2019importanza della formazione, della sicurezza, delle conciliazione vita\/lavoro e un riconoscimento economico aggiuntivo (aspetto molto importante in un contesto generale industriale in cui si pensa solo al profitto)\u00bb.<\/p>\n","protected":false},"excerpt":{"rendered":"<p>Alla Da-Tor, azienda che produce elementi per fissaggio, dadi per raccordi utilizzati dalle case automobilistiche e nell\u2019industria degli impianti olidinamici, \u00e8 stato firmato il contratto integrativo. L\u2019intesa arriva dopo 16 mesi di trattative, un periodo lungo giustificato dal fatto che, poco pi\u00f9 di un anno fa, l\u2019azienda \u00e8 stata acquisita dalla famiglia Crippa proprietaria di [&hellip;]<\/p>\n","protected":false},"author":5,"featured_media":4253,"comment_status":"closed","ping_status":"open","sticky":false,"template":"","format":"standard","meta":{"footnotes":""},"categories":[1],"tags":[271,27],"class_list":{"0":"post-4252","1":"post","2":"type-post","3":"status-publish","4":"format-standard","5":"has-post-thumbnail","7":"category-notizie","8":"tag-da-tor","9":"tag-fim","10":"czr-hentry"},"_links":{"self":[{"href":"https:\/\/www.monzalecco.lombardia.cisl.it\/index.php?rest_route=\/wp\/v2\/posts\/4252","targetHints":{"allow":["GET"]}}],"collection":[{"href":"https:\/\/www.monzalecco.lombardia.cisl.it\/index.php?rest_route=\/wp\/v2\/posts"}],"about":[{"href":"https:\/\/www.monzalecco.lombardia.cisl.it\/index.php?rest_route=\/wp\/v2\/types\/post"}],"author":[{"embeddable":true,"href":"https:\/\/www.monzalecco.lombardia.cisl.it\/index.php?rest_route=\/wp\/v2\/users\/5"}],"replies":[{"embeddable":true,"href":"https:\/\/www.monzalecco.lombardia.cisl.it\/index.php?rest_route=%2Fwp%2Fv2%2Fcomments&post=4252"}],"version-history":[{"count":2,"href":"https:\/\/www.monzalecco.lombardia.cisl.it\/index.php?rest_route=\/wp\/v2\/posts\/4252\/revisions"}],"predecessor-version":[{"id":4255,"href":"https:\/\/www.monzalecco.lombardia.cisl.it\/index.php?rest_route=\/wp\/v2\/posts\/4252\/revisions\/4255"}],"wp:featuredmedia":[{"embeddable":true,"href":"https:\/\/www.monzalecco.lombardia.cisl.it\/index.php?rest_route=\/wp\/v2\/media\/4253"}],"wp:attachment":[{"href":"https:\/\/www.monzalecco.lombardia.cisl.it\/index.php?rest_route=%2Fwp%2Fv2%2Fmedia&parent=4252"}],"wp:term":[{"taxonomy":"category","embeddable":true,"href":"https:\/\/www.monzalecco.lombardia.cisl.it\/index.php?rest_route=%2Fwp%2Fv2%2Fcategories&post=4252"},{"taxonomy":"post_tag","embeddable":true,"href":"https:\/\/www.monzalecco.lombardia.cisl.it\/index.php?rest_route=%2Fwp%2Fv2%2Ftags&post=4252"}],"curies":[{"name":"wp","href":"https:\/\/api.w.org\/{rel}","templated":true}]}}