{"id":4272,"date":"2019-02-15T08:16:44","date_gmt":"2019-02-15T07:16:44","guid":{"rendered":"http:\/\/www.monzalecco.lombardia.cisl.it\/?p=4272"},"modified":"2019-02-15T08:16:44","modified_gmt":"2019-02-15T07:16:44","slug":"reddito-di-cittadinanza-27mila-domande","status":"publish","type":"post","link":"https:\/\/www.monzalecco.lombardia.cisl.it\/?p=4272","title":{"rendered":"Reddito di cittadinanza, 27mila domande"},"content":{"rendered":"<p>Ieri pomeriggio, 14 febbraio, si \u00e8 svolto a Lecco un incontro di approfondimento su Reddito di cittadinanza e \u00abQuota 100\u00bb. I lavori sono stati introdotti da Rita Pavan, segretaria generale della Cisl Monza Brianza Lecco, che ha ricordato, tra l\u2019altro, come le prime stime sul Reddito di cittadinanza, prevedano 7 mila domande a Lecco e 20 mila in Brianza.<\/p>\n<p>Ha poi preso la parola Anna Fumagalli, responsabile degli sportelli sociali della Fnp (i pensionati della Cisl). Dopo aver ricordato che in Italia 5 milioni di persone vivono sotto la soglia della povert\u00e0, la Fumagalli ha ricordato i caratteri distintivi del Reddito di cittadinanza: il contrasto alla povert\u00e0 e la politica attiva del lavoro. Successivamente \u00e8 entrata nel merito dei requisiti necessari per ottenerlo evidenziandone anche le non poche criticit\u00e0.<\/p>\n<p>Cristina Pagano del Centro per l\u2019impiego di Lecco, ha illustrato la situazione in merito ai nuovi compiti che spetteranno ai Centri per l\u2019impiego. Al di l\u00e0 delle indicazioni contenute nella legge, la sua raccomandazione, per coloro che otterranno il Reddito di cittadinanza, \u00e8 stata quella di recarsi personalmente ai Centri per iniziare l\u2019iter di ricerca di un posto di lavoro. La gestione di questo nuovo provvedimento richieder\u00e0 un potenziamento del personale dei Centri per l\u2019Impiego al netto dei 6\/7 navigatori che dovrebbero essere assegnati a Lecco. Vanessa Gaddi, anche lei del Centro per l\u2019Impiego di Lecco, ha poi fornito i numeri e le casistiche di coloro (165) che lo scorso anno sono stati presi in carico per il reinserimento lavorativo a fronte del Reddito di Inclusione.<\/p>\n<p>Infine, Norberto Pandolfi, responsabile Inas di Lecco, ha affrontato le questioni tecniche relative a Quota 100. A questo proposito va rilevato che in questi giorni gli sportelli dell\u2019Inas di Lecco sono stati frequentati per questa problematica da un numero notevole di utenti.<\/p>\n","protected":false},"excerpt":{"rendered":"<p>Ieri pomeriggio, 14 febbraio, si \u00e8 svolto a Lecco un incontro di approfondimento su Reddito di cittadinanza e \u00abQuota 100\u00bb. I lavori sono stati introdotti da Rita Pavan, segretaria generale della Cisl Monza Brianza Lecco, che ha ricordato, tra l\u2019altro, come le prime stime sul Reddito di cittadinanza, prevedano 7 mila domande a Lecco e [&hellip;]<\/p>\n","protected":false},"author":5,"featured_media":4042,"comment_status":"closed","ping_status":"open","sticky":false,"template":"","format":"standard","meta":{"footnotes":""},"categories":[1],"tags":[95,230,231],"class_list":{"0":"post-4272","1":"post","2":"type-post","3":"status-publish","4":"format-standard","5":"has-post-thumbnail","7":"category-notizie","8":"tag-lecco","9":"tag-quota-100","10":"tag-reddito-cittadinanza","11":"czr-hentry"},"_links":{"self":[{"href":"https:\/\/www.monzalecco.lombardia.cisl.it\/index.php?rest_route=\/wp\/v2\/posts\/4272","targetHints":{"allow":["GET"]}}],"collection":[{"href":"https:\/\/www.monzalecco.lombardia.cisl.it\/index.php?rest_route=\/wp\/v2\/posts"}],"about":[{"href":"https:\/\/www.monzalecco.lombardia.cisl.it\/index.php?rest_route=\/wp\/v2\/types\/post"}],"author":[{"embeddable":true,"href":"https:\/\/www.monzalecco.lombardia.cisl.it\/index.php?rest_route=\/wp\/v2\/users\/5"}],"replies":[{"embeddable":true,"href":"https:\/\/www.monzalecco.lombardia.cisl.it\/index.php?rest_route=%2Fwp%2Fv2%2Fcomments&post=4272"}],"version-history":[{"count":1,"href":"https:\/\/www.monzalecco.lombardia.cisl.it\/index.php?rest_route=\/wp\/v2\/posts\/4272\/revisions"}],"predecessor-version":[{"id":4273,"href":"https:\/\/www.monzalecco.lombardia.cisl.it\/index.php?rest_route=\/wp\/v2\/posts\/4272\/revisions\/4273"}],"wp:featuredmedia":[{"embeddable":true,"href":"https:\/\/www.monzalecco.lombardia.cisl.it\/index.php?rest_route=\/wp\/v2\/media\/4042"}],"wp:attachment":[{"href":"https:\/\/www.monzalecco.lombardia.cisl.it\/index.php?rest_route=%2Fwp%2Fv2%2Fmedia&parent=4272"}],"wp:term":[{"taxonomy":"category","embeddable":true,"href":"https:\/\/www.monzalecco.lombardia.cisl.it\/index.php?rest_route=%2Fwp%2Fv2%2Fcategories&post=4272"},{"taxonomy":"post_tag","embeddable":true,"href":"https:\/\/www.monzalecco.lombardia.cisl.it\/index.php?rest_route=%2Fwp%2Fv2%2Ftags&post=4272"}],"curies":[{"name":"wp","href":"https:\/\/api.w.org\/{rel}","templated":true}]}}