{"id":4307,"date":"2019-02-20T16:01:58","date_gmt":"2019-02-20T15:01:58","guid":{"rendered":"http:\/\/www.monzalecco.lombardia.cisl.it\/?p=4307"},"modified":"2019-02-20T16:01:58","modified_gmt":"2019-02-20T15:01:58","slug":"carrefour-tagli-in-vista-in-brianza","status":"publish","type":"post","link":"https:\/\/www.monzalecco.lombardia.cisl.it\/?p=4307","title":{"rendered":"Carrefour, tagli in vista in Brianza"},"content":{"rendered":"<p>Tagli del personale Carrefour. In base al piano presentato venerd\u00ec 15 febbraio ai sindacati, il gruppo francese della grande distribuzione ridurr\u00e0 in Italia le superfici degli ipermercati. Questa riorganizzazione aziendale comporter\u00e0 una riduzione di 590 posti di lavoro full time (o il doppio part-time). Il taglio tocca anche la Brianza dove sono a rischio una ventina di persone nei punti vendita di Limbiate e Giussano.<\/p>\n<p>Continua cos\u00ec la politica di revisione degli organici. Il 31 dicembre 2018 \u00e8 infatti terminata una riorganizzazione che ha portato all\u2019uscita incentivata di 680 dipendenti. Al termine della ristrutturazione annunciata la scorsa settimana, l\u2019organico caler\u00e0 quindi di mille unit\u00e0, cio\u00e8 il 10% della forza lavoro.<\/p>\n<p>\u00abIl sindacato \u2013 spiega Francesco Barazzetta, Fisascat Cisl Mbl \u2013 ha mostrato la propria preoccupazione gi\u00e0 al momento dell\u2019annuncio del piano. Ora terremo assemblee sui luoghi di lavoro e ci prepareremo ai nuovi incontri che si terranno prossimamente. Cercheremo di trovare soluzioni che permettano di annullare o ridurre al minimo gli esuberi\u00bb.<\/p>\n","protected":false},"excerpt":{"rendered":"<p>Tagli del personale Carrefour. In base al piano presentato venerd\u00ec 15 febbraio ai sindacati, il gruppo francese della grande distribuzione ridurr\u00e0 in Italia le superfici degli ipermercati. Questa riorganizzazione aziendale comporter\u00e0 una riduzione di 590 posti di lavoro full time (o il doppio part-time). Il taglio tocca anche la Brianza dove sono a rischio una [&hellip;]<\/p>\n","protected":false},"author":5,"featured_media":3757,"comment_status":"closed","ping_status":"open","sticky":false,"template":"","format":"standard","meta":{"footnotes":""},"categories":[1],"tags":[210,276],"class_list":{"0":"post-4307","1":"post","2":"type-post","3":"status-publish","4":"format-standard","5":"has-post-thumbnail","7":"category-notizie","8":"tag-carrefour","9":"tag-tagli","10":"czr-hentry"},"_links":{"self":[{"href":"https:\/\/www.monzalecco.lombardia.cisl.it\/index.php?rest_route=\/wp\/v2\/posts\/4307","targetHints":{"allow":["GET"]}}],"collection":[{"href":"https:\/\/www.monzalecco.lombardia.cisl.it\/index.php?rest_route=\/wp\/v2\/posts"}],"about":[{"href":"https:\/\/www.monzalecco.lombardia.cisl.it\/index.php?rest_route=\/wp\/v2\/types\/post"}],"author":[{"embeddable":true,"href":"https:\/\/www.monzalecco.lombardia.cisl.it\/index.php?rest_route=\/wp\/v2\/users\/5"}],"replies":[{"embeddable":true,"href":"https:\/\/www.monzalecco.lombardia.cisl.it\/index.php?rest_route=%2Fwp%2Fv2%2Fcomments&post=4307"}],"version-history":[{"count":1,"href":"https:\/\/www.monzalecco.lombardia.cisl.it\/index.php?rest_route=\/wp\/v2\/posts\/4307\/revisions"}],"predecessor-version":[{"id":4308,"href":"https:\/\/www.monzalecco.lombardia.cisl.it\/index.php?rest_route=\/wp\/v2\/posts\/4307\/revisions\/4308"}],"wp:featuredmedia":[{"embeddable":true,"href":"https:\/\/www.monzalecco.lombardia.cisl.it\/index.php?rest_route=\/wp\/v2\/media\/3757"}],"wp:attachment":[{"href":"https:\/\/www.monzalecco.lombardia.cisl.it\/index.php?rest_route=%2Fwp%2Fv2%2Fmedia&parent=4307"}],"wp:term":[{"taxonomy":"category","embeddable":true,"href":"https:\/\/www.monzalecco.lombardia.cisl.it\/index.php?rest_route=%2Fwp%2Fv2%2Fcategories&post=4307"},{"taxonomy":"post_tag","embeddable":true,"href":"https:\/\/www.monzalecco.lombardia.cisl.it\/index.php?rest_route=%2Fwp%2Fv2%2Ftags&post=4307"}],"curies":[{"name":"wp","href":"https:\/\/api.w.org\/{rel}","templated":true}]}}