{"id":4311,"date":"2019-02-20T17:14:04","date_gmt":"2019-02-20T16:14:04","guid":{"rendered":"http:\/\/www.monzalecco.lombardia.cisl.it\/?p=4311"},"modified":"2019-02-20T17:23:11","modified_gmt":"2019-02-20T16:23:11","slug":"inquilini-no-al-nuovo-regolamento","status":"publish","type":"post","link":"https:\/\/www.monzalecco.lombardia.cisl.it\/?p=4311","title":{"rendered":"\u00abCase popolari, no al nuovo regolamento\u00bb"},"content":{"rendered":"<p>Il nuovo regolamento regionale per l\u2019accesso alle case popolari penalizza e discrimina le famiglie pi\u00f9 in difficolt\u00e0 economica e abitativa. Toglie inoltre ogni strumento ai Comuni per affrontare l\u2019emergenza e gli sfratti e cancella decine di migliaia di domande di casa popolare gi\u00e0 presentate.<\/p>\n<p>Per questi motivi, il 28 febbraio Cgil, Cisl e Uil Lombardia, insieme a Sunia, Sicet, Unione inquilini e Conla organizzano un presidio a Milano davanti al Grattacielo Pirelli (via Fabio Filzi 22, ore 16-18), sede del Consiglio regionale.<\/p>\n<p>\u00abDa una brutta legge, la n. 16 del 2016, non ci si poteva attendere che un pessimo Regolamento \u2013 \u00e8 scritto in un comunicato firmato da tutte le sigle -, ma in questo caso la Giunta Regionale \u00e8 andata ben oltre ogni limite e aspettativa. Le nuove regole per accedere alle case popolari non sono semplicemente sbagliate, sono anche discriminatorie verso i soggetti pi\u00f9 deboli\u00bb.<\/p>\n<p>Da un lato, spiegano i rappresentanti degli inquilini, nella loro concreta applicazione, operano una vera e propria selezione preventiva per limitare l\u2019accesso all\u2019alloggio alle famiglie pi\u00f9 povere (limite del 20% sul totale delle assegnazioni, obbligo della dichiarazione comunale di stato d\u2019indigenza, possibilit\u00e0 di presentare la domanda esclusivamente nel Comune di residenza, ecc.).<\/p>\n<p>Dall\u2019altro lato, privilegiano nell\u2019attribuzione dei punteggi le condizioni soggettive (periodo di residenza, categoria sociale di appartenenza,\u2026) alle condizioni oggettive indicative della difficolt\u00e0 abitativa (sfratto, emergenza diversa, deprivazione abitativa, necessit\u00e0 di tutela dei minori o sanitaria,\u2026).<\/p>\n<p>\u00abOrmai \u2013 termina il comunicato &#8211; siamo al secondo tentativo di modifica di un regolamento che presto la Regione dovr\u00e0 nuovamente modificare perch\u00e9 destinato a fallire, sia sul piano della gestione delle procedure, sia su quello delle finalit\u00e0 sociali proprie del patrimonio di edilizia pubblica. La Giunta Regionale deve prenderne atto e cambiare il Regolamento e la Legge n. 16\/2016 e fare una vera riforma dell\u2019edilizia pubblica che tenga conto della realt\u00e0 della domanda sociale di casa\u00bb.<\/p>\n","protected":false},"excerpt":{"rendered":"<p>Il nuovo regolamento regionale per l\u2019accesso alle case popolari penalizza e discrimina le famiglie pi\u00f9 in difficolt\u00e0 economica e abitativa. Toglie inoltre ogni strumento ai Comuni per affrontare l\u2019emergenza e gli sfratti e cancella decine di migliaia di domande di casa popolare gi\u00e0 presentate. Per questi motivi, il 28 febbraio Cgil, Cisl e Uil Lombardia, [&hellip;]<\/p>\n","protected":false},"author":5,"featured_media":4312,"comment_status":"closed","ping_status":"open","sticky":false,"template":"","format":"standard","meta":{"footnotes":""},"categories":[1],"tags":[277,225,70],"class_list":{"0":"post-4311","1":"post","2":"type-post","3":"status-publish","4":"format-standard","5":"has-post-thumbnail","7":"category-notizie","8":"tag-inquilini","9":"tag-presidio","10":"tag-regione-lombardia","11":"czr-hentry"},"_links":{"self":[{"href":"https:\/\/www.monzalecco.lombardia.cisl.it\/index.php?rest_route=\/wp\/v2\/posts\/4311","targetHints":{"allow":["GET"]}}],"collection":[{"href":"https:\/\/www.monzalecco.lombardia.cisl.it\/index.php?rest_route=\/wp\/v2\/posts"}],"about":[{"href":"https:\/\/www.monzalecco.lombardia.cisl.it\/index.php?rest_route=\/wp\/v2\/types\/post"}],"author":[{"embeddable":true,"href":"https:\/\/www.monzalecco.lombardia.cisl.it\/index.php?rest_route=\/wp\/v2\/users\/5"}],"replies":[{"embeddable":true,"href":"https:\/\/www.monzalecco.lombardia.cisl.it\/index.php?rest_route=%2Fwp%2Fv2%2Fcomments&post=4311"}],"version-history":[{"count":4,"href":"https:\/\/www.monzalecco.lombardia.cisl.it\/index.php?rest_route=\/wp\/v2\/posts\/4311\/revisions"}],"predecessor-version":[{"id":4316,"href":"https:\/\/www.monzalecco.lombardia.cisl.it\/index.php?rest_route=\/wp\/v2\/posts\/4311\/revisions\/4316"}],"wp:featuredmedia":[{"embeddable":true,"href":"https:\/\/www.monzalecco.lombardia.cisl.it\/index.php?rest_route=\/wp\/v2\/media\/4312"}],"wp:attachment":[{"href":"https:\/\/www.monzalecco.lombardia.cisl.it\/index.php?rest_route=%2Fwp%2Fv2%2Fmedia&parent=4311"}],"wp:term":[{"taxonomy":"category","embeddable":true,"href":"https:\/\/www.monzalecco.lombardia.cisl.it\/index.php?rest_route=%2Fwp%2Fv2%2Fcategories&post=4311"},{"taxonomy":"post_tag","embeddable":true,"href":"https:\/\/www.monzalecco.lombardia.cisl.it\/index.php?rest_route=%2Fwp%2Fv2%2Ftags&post=4311"}],"curies":[{"name":"wp","href":"https:\/\/api.w.org\/{rel}","templated":true}]}}