{"id":4325,"date":"2019-02-22T16:44:09","date_gmt":"2019-02-22T15:44:09","guid":{"rendered":"http:\/\/www.monzalecco.lombardia.cisl.it\/?p=4325"},"modified":"2019-02-22T19:05:38","modified_gmt":"2019-02-22T18:05:38","slug":"rovagnati-e-scontro-sugli-appalti","status":"publish","type":"post","link":"https:\/\/www.monzalecco.lombardia.cisl.it\/?p=4325","title":{"rendered":"Rovagnati, \u00e8 scontro sugli appalti"},"content":{"rendered":"<p>Alla Rovagnati, le cooperative stanno creando tensione tra sindacato e direzione. E, se nel fine settimana non interverr\u00e0 qualche elemento nuovo, alla fine di febbraio o all\u2019inizio di marzo potrebbe essere proclamato uno sciopero.<\/p>\n<p>La questione \u00e8 complessa. Da mesi, l\u2019azienda sta appaltando importanti servizi (logistica, magazzini, ma anche alcune lavorazioni dei prosciutti) a realt\u00e0 esterne. I lavoratori non dipendenti in numero sempre maggiore. Solo a Villasanta su 190 lavoratori, 120 appartengono alle cooperative, 70 sono personale Rovagnati.<\/p>\n<p>\u00abAbbiamo sempre chiesto di rivedere un sistema sbagliato e non corretto che si basava sulla promiscuit\u00e0 dei lavoratori (Rovagnati e cooperativa) &#8211; &#8211; spiega Stefano Bosisio, Fai Cisl Mbl \u2013. Un&#8217;impostazione contraria, a nostro modo di vedere, alla normativa vigente. Un modo non corretto di costruire profittabilit\u00e0 e marginalit\u00e0 scaricando tutto sulla riduzione sul costo del lavoro.\u00a0L\u2019 azienda ha intenzione di affidare a consorzi di cooperative la gestione delle attivit\u00e0 anche di produzione e trasformazione del prodotto.\u00a0Nello stabilimento di Villasanta\u00a0 alcune camere bianche (i reparti dove vengono affettati e imbustati i prosciutti) sono gi\u00e0 state appaltate a cooperative. Una scelta folle e scellerata. Che non tiene conto dei dettami contrattuali e legali e che noi contrasteremo in tutti i modi\u00bb.<\/p>\n<p>Il sindacato ha proposto alla direzione che i dipendenti in uscita (per esempio quelli che vanno in pensione) siano, nel tempo, sostituiti assumendo il personale attualmente in forza alle cooperative. \u00abQuesti ultimi \u2013 osserva Bosisio \u2013 sono lavoratori gi\u00e0 formati, in grado di svolgere bene le mansioni loro affidate perch\u00e9 conoscono le tecniche e i macchinari. La Rovagnati assumerebbe cos\u00ec persone gi\u00e0 inserite nei processi produttivi\u00bb.<\/p>\n<p>Per il momento la direzione non ha dato una risposta. \u00abAbbiamo comunicato alla direzione &#8211; conclude Bosisio -, la sospensione di qualsivoglia trattativa. Non accettiamo che la soluzione sia dividere i lavoratori e farli competere tra di loro. Questo non pu\u00f2 che peggiorarne la loro condizione di loro e la qualit\u00e0 di ci\u00f2 che producono. Non accettiamo che alla maggioranza delle persone occupate negli stabilimenti di Rovagnati non sia applicato il contratto nazionale dell&#8217;industria alimentare. Costruire un sistema di impresa con queste caratteristiche danneggia lavoratori e consumatori. Ed il Paese non ne ha bisogno\u00bb.<\/p>\n<p>Se non si sbloccher\u00e0 il muro-contro-muro, luned\u00ec si terranno le assemblee dei lavoratori che potrebbero proclamare un\u2019astensione dal lavoro.<\/p>\n","protected":false},"excerpt":{"rendered":"<p>Alla Rovagnati, le cooperative stanno creando tensione tra sindacato e direzione. E, se nel fine settimana non interverr\u00e0 qualche elemento nuovo, alla fine di febbraio o all\u2019inizio di marzo potrebbe essere proclamato uno sciopero. La questione \u00e8 complessa. Da mesi, l\u2019azienda sta appaltando importanti servizi (logistica, magazzini, ma anche alcune lavorazioni dei prosciutti) a realt\u00e0 [&hellip;]<\/p>\n","protected":false},"author":5,"featured_media":4326,"comment_status":"closed","ping_status":"open","sticky":false,"template":"","format":"standard","meta":{"footnotes":""},"categories":[1],"tags":[280,278,279],"class_list":{"0":"post-4325","1":"post","2":"type-post","3":"status-publish","4":"format-standard","5":"has-post-thumbnail","7":"category-notizie","8":"tag-biassono","9":"tag-rovagnati","10":"tag-villasanta","11":"czr-hentry"},"_links":{"self":[{"href":"https:\/\/www.monzalecco.lombardia.cisl.it\/index.php?rest_route=\/wp\/v2\/posts\/4325","targetHints":{"allow":["GET"]}}],"collection":[{"href":"https:\/\/www.monzalecco.lombardia.cisl.it\/index.php?rest_route=\/wp\/v2\/posts"}],"about":[{"href":"https:\/\/www.monzalecco.lombardia.cisl.it\/index.php?rest_route=\/wp\/v2\/types\/post"}],"author":[{"embeddable":true,"href":"https:\/\/www.monzalecco.lombardia.cisl.it\/index.php?rest_route=\/wp\/v2\/users\/5"}],"replies":[{"embeddable":true,"href":"https:\/\/www.monzalecco.lombardia.cisl.it\/index.php?rest_route=%2Fwp%2Fv2%2Fcomments&post=4325"}],"version-history":[{"count":3,"href":"https:\/\/www.monzalecco.lombardia.cisl.it\/index.php?rest_route=\/wp\/v2\/posts\/4325\/revisions"}],"predecessor-version":[{"id":4330,"href":"https:\/\/www.monzalecco.lombardia.cisl.it\/index.php?rest_route=\/wp\/v2\/posts\/4325\/revisions\/4330"}],"wp:featuredmedia":[{"embeddable":true,"href":"https:\/\/www.monzalecco.lombardia.cisl.it\/index.php?rest_route=\/wp\/v2\/media\/4326"}],"wp:attachment":[{"href":"https:\/\/www.monzalecco.lombardia.cisl.it\/index.php?rest_route=%2Fwp%2Fv2%2Fmedia&parent=4325"}],"wp:term":[{"taxonomy":"category","embeddable":true,"href":"https:\/\/www.monzalecco.lombardia.cisl.it\/index.php?rest_route=%2Fwp%2Fv2%2Fcategories&post=4325"},{"taxonomy":"post_tag","embeddable":true,"href":"https:\/\/www.monzalecco.lombardia.cisl.it\/index.php?rest_route=%2Fwp%2Fv2%2Ftags&post=4325"}],"curies":[{"name":"wp","href":"https:\/\/api.w.org\/{rel}","templated":true}]}}