{"id":4352,"date":"2019-02-26T17:59:34","date_gmt":"2019-02-26T16:59:34","guid":{"rendered":"http:\/\/www.monzalecco.lombardia.cisl.it\/?p=4352"},"modified":"2019-02-26T18:06:27","modified_gmt":"2019-02-26T17:06:27","slug":"due-incidenti-mortali-in-brianza","status":"publish","type":"post","link":"https:\/\/www.monzalecco.lombardia.cisl.it\/?p=4352","title":{"rendered":"Due incidenti mortali in Brianza"},"content":{"rendered":"<p>Un incidente mortale e un altro gravissimo negli ultimi due giorni in Brianza. Il pi\u00f9 grave \u00e8 avvenuto a Desio. Nel pomeriggio di ieri, luned\u00ec 25 febbraio, un operaio di 54 anni che si trovava all\u2019interno di un buco realizzato durante lo scavo per la rete fognaria \u00e8 stato investito da una frana che lo ha ricoperto. Immediato l\u2019intervento dei colleghi, l\u2019uomo \u00e8 stato poi caricato su un\u2019ambulanza che lo ha trasportato in ospedale in codice rosso. L&#8217;uomo ha riportato un arresto cardiaco a causa dello schiacciamento del torace che gli \u00e8 stato fatale.<\/p>\n<p>Oggi, marted\u00ec 26 febbraio, un operaio di 49 anni \u00e8 rimasto gravemente ferito dopo essere caduto dal tetto di un edificio in costruzione, all\u2019interno del cantiere edile dell\u2019Istituto Auxologico Italiano a Meda. L\u2019uomo, italiano dipendente di un\u2019azienda di milanese, per cause ancora da accertarsi sarebbe precipitato da circa quattro metri, picchiando la testa. Soccorso, in elicottero \u00e8 stato trasportato in gravi condizioni all\u2019ospedale Niguarda di Milano.<\/p>\n<p>\u00abLe cause dei due incidenti devono ancora essere analizzate &#8211; commenta Francesco Condorelli, Filca Cisl Mbl \u2013. In generale va detto che la crisi che ha investito il settore edile ha portato a tagliare tutte le spese, comprese quelle essenziali per la sicurezza. Gli incidenti sono frutto di questo atteggiamento superficiale. Come sindacato siamo molto preoccupati. Non si pu\u00f2 giocare con la vita. I cantieri possono e devono riaprire, ma in totale sicurezza. Quelle sicurezze previste dal contratto nazionale del settore, troppo spesso non applicato\u00bb.<\/p>\n","protected":false},"excerpt":{"rendered":"<p>Un incidente mortale e un altro gravissimo negli ultimi due giorni in Brianza. Il pi\u00f9 grave \u00e8 avvenuto a Desio. Nel pomeriggio di ieri, luned\u00ec 25 febbraio, un operaio di 54 anni che si trovava all\u2019interno di un buco realizzato durante lo scavo per la rete fognaria \u00e8 stato investito da una frana che lo [&hellip;]<\/p>\n","protected":false},"author":5,"featured_media":2713,"comment_status":"closed","ping_status":"open","sticky":false,"template":"","format":"standard","meta":{"footnotes":""},"categories":[1],"tags":[38,284],"class_list":{"0":"post-4352","1":"post","2":"type-post","3":"status-publish","4":"format-standard","5":"has-post-thumbnail","7":"category-notizie","8":"tag-filca","9":"tag-incidente-mortale","10":"czr-hentry"},"_links":{"self":[{"href":"https:\/\/www.monzalecco.lombardia.cisl.it\/index.php?rest_route=\/wp\/v2\/posts\/4352","targetHints":{"allow":["GET"]}}],"collection":[{"href":"https:\/\/www.monzalecco.lombardia.cisl.it\/index.php?rest_route=\/wp\/v2\/posts"}],"about":[{"href":"https:\/\/www.monzalecco.lombardia.cisl.it\/index.php?rest_route=\/wp\/v2\/types\/post"}],"author":[{"embeddable":true,"href":"https:\/\/www.monzalecco.lombardia.cisl.it\/index.php?rest_route=\/wp\/v2\/users\/5"}],"replies":[{"embeddable":true,"href":"https:\/\/www.monzalecco.lombardia.cisl.it\/index.php?rest_route=%2Fwp%2Fv2%2Fcomments&post=4352"}],"version-history":[{"count":3,"href":"https:\/\/www.monzalecco.lombardia.cisl.it\/index.php?rest_route=\/wp\/v2\/posts\/4352\/revisions"}],"predecessor-version":[{"id":4355,"href":"https:\/\/www.monzalecco.lombardia.cisl.it\/index.php?rest_route=\/wp\/v2\/posts\/4352\/revisions\/4355"}],"wp:featuredmedia":[{"embeddable":true,"href":"https:\/\/www.monzalecco.lombardia.cisl.it\/index.php?rest_route=\/wp\/v2\/media\/2713"}],"wp:attachment":[{"href":"https:\/\/www.monzalecco.lombardia.cisl.it\/index.php?rest_route=%2Fwp%2Fv2%2Fmedia&parent=4352"}],"wp:term":[{"taxonomy":"category","embeddable":true,"href":"https:\/\/www.monzalecco.lombardia.cisl.it\/index.php?rest_route=%2Fwp%2Fv2%2Fcategories&post=4352"},{"taxonomy":"post_tag","embeddable":true,"href":"https:\/\/www.monzalecco.lombardia.cisl.it\/index.php?rest_route=%2Fwp%2Fv2%2Ftags&post=4352"}],"curies":[{"name":"wp","href":"https:\/\/api.w.org\/{rel}","templated":true}]}}