{"id":4364,"date":"2019-02-28T16:00:48","date_gmt":"2019-02-28T15:00:48","guid":{"rendered":"http:\/\/www.monzalecco.lombardia.cisl.it\/?p=4364"},"modified":"2019-03-12T17:12:51","modified_gmt":"2019-03-12T16:12:51","slug":"anolf-lecco-integrazione-e-conoscenza","status":"publish","type":"post","link":"https:\/\/www.monzalecco.lombardia.cisl.it\/?p=4364","title":{"rendered":"Anolf Lecco, integrazione e conoscenza"},"content":{"rendered":"<p>L&#8217;Anolf \u00e8 presente sul territorio Lecchese da una ventina di anni e, nel solco della sua tradizione, continua nelle attivit\u00e0 di integrazione e conoscenza dei diversi popoli sul territorio della provincia.<\/p>\n<p>Numerose le iniziative in campo. Oltre a quelle informative e di assistenza nel disbrigo di pratiche burocratiche,\u00a0 si lavora su progetti di incontro e conoscenza delle diverse culture.<\/p>\n<p>Per questo motivo nel corso del 2018 Anolf , insieme ad altre associazioni presenti sul territorio ha partecipato al bando finanziato dal ministero del Lavoro e delle politiche sociali e promosso da Regione Lombardia (DG Politiche sociali, abitative e disabilit\u00e0 ai sensi del DDUO n. 9116 del 21\/06\/2018) ed \u00e8 riuscita a ottenere un finanziamento di 47.600 euro che saranno impiegati con i partner in una serie di attivit\u00e0 fra cui interventi nelle scuole della provincia e attivit\u00e0 rivolte ai cittadini.<\/p>\n<p>Insieme a questo progetto, Anolf Lecco \u00e8 membro di un&#8217;altra iniziativa finanziata da un Fami Europeo presentato da \u00abRete Salute\u00bb per l&#8217;attivit\u00e0 di informativa e gestione del fenomeno migratorio sul territorio del distretto di Merate e finanziato con tremila euro.<\/p>\n<p>Anolf \u00e8 attiva anche sul fronte cooperazione, la nostra associazione infatti ha presentato e vinto un progetto del Comitato lecchese per la pace e la cooperazione tra i popoli. \u00c8 il progetto V.e.t.r.o., finanziato dal Consorzio brianteo Villa Greppi con seimila euro, che si occuper\u00e0 della problematiche inerenti la casa e l&#8217;educazione nella citt\u00e0 peruviana di Chimbote, meta di un esodo interno con decine di migliaia di persone senza una casa e migliai di ragazzi a rischio di abbandono scolastico.<\/p>\n<p>Altra importantissima attivit\u00e0 che Anolf porta avanti da ormai due anni, finanziata con novemila euro dalla Fondazione comunitaria del Lecchese, \u00e8 un progetto per l&#8217;inserimento lavorativo professionalizzante di una giovane che sta facendo formazione presso i nostri uffici e che rende l&#8217;attivit\u00e0 di Anolf sul territorio ancora piu incisiva e puntuale.<\/p>\n<p>Per informazioni sulle attivit\u00e0 e sui progetti potete venire a trovarci nella nostra sede di Lecco, via Besonda Inferiore 11 e seguirci sui social.<\/p>\n","protected":false},"excerpt":{"rendered":"<p>L&#8217;Anolf \u00e8 presente sul territorio Lecchese da una ventina di anni e, nel solco della sua tradizione, continua nelle attivit\u00e0 di integrazione e conoscenza dei diversi popoli sul territorio della provincia. Numerose le iniziative in campo. Oltre a quelle informative e di assistenza nel disbrigo di pratiche burocratiche,\u00a0 si lavora su progetti di incontro e [&hellip;]<\/p>\n","protected":false},"author":5,"featured_media":4366,"comment_status":"closed","ping_status":"open","sticky":false,"template":"","format":"standard","meta":{"footnotes":""},"categories":[1],"tags":[287,233],"class_list":{"0":"post-4364","1":"post","2":"type-post","3":"status-publish","4":"format-standard","5":"has-post-thumbnail","7":"category-notizie","8":"tag-anolf","9":"tag-immigrazione","10":"czr-hentry"},"_links":{"self":[{"href":"https:\/\/www.monzalecco.lombardia.cisl.it\/index.php?rest_route=\/wp\/v2\/posts\/4364","targetHints":{"allow":["GET"]}}],"collection":[{"href":"https:\/\/www.monzalecco.lombardia.cisl.it\/index.php?rest_route=\/wp\/v2\/posts"}],"about":[{"href":"https:\/\/www.monzalecco.lombardia.cisl.it\/index.php?rest_route=\/wp\/v2\/types\/post"}],"author":[{"embeddable":true,"href":"https:\/\/www.monzalecco.lombardia.cisl.it\/index.php?rest_route=\/wp\/v2\/users\/5"}],"replies":[{"embeddable":true,"href":"https:\/\/www.monzalecco.lombardia.cisl.it\/index.php?rest_route=%2Fwp%2Fv2%2Fcomments&post=4364"}],"version-history":[{"count":2,"href":"https:\/\/www.monzalecco.lombardia.cisl.it\/index.php?rest_route=\/wp\/v2\/posts\/4364\/revisions"}],"predecessor-version":[{"id":4367,"href":"https:\/\/www.monzalecco.lombardia.cisl.it\/index.php?rest_route=\/wp\/v2\/posts\/4364\/revisions\/4367"}],"wp:featuredmedia":[{"embeddable":true,"href":"https:\/\/www.monzalecco.lombardia.cisl.it\/index.php?rest_route=\/wp\/v2\/media\/4366"}],"wp:attachment":[{"href":"https:\/\/www.monzalecco.lombardia.cisl.it\/index.php?rest_route=%2Fwp%2Fv2%2Fmedia&parent=4364"}],"wp:term":[{"taxonomy":"category","embeddable":true,"href":"https:\/\/www.monzalecco.lombardia.cisl.it\/index.php?rest_route=%2Fwp%2Fv2%2Fcategories&post=4364"},{"taxonomy":"post_tag","embeddable":true,"href":"https:\/\/www.monzalecco.lombardia.cisl.it\/index.php?rest_route=%2Fwp%2Fv2%2Ftags&post=4364"}],"curies":[{"name":"wp","href":"https:\/\/api.w.org\/{rel}","templated":true}]}}