{"id":4455,"date":"2019-03-08T17:28:00","date_gmt":"2019-03-08T16:28:00","guid":{"rendered":"http:\/\/www.monzalecco.lombardia.cisl.it\/?p=4455"},"modified":"2019-03-08T17:32:52","modified_gmt":"2019-03-08T16:32:52","slug":"brianza-in-marcia-per-laccoglienza","status":"publish","type":"post","link":"https:\/\/www.monzalecco.lombardia.cisl.it\/?p=4455","title":{"rendered":"Brianza in marcia per l&#8217;accoglienza"},"content":{"rendered":"<p><strong>Sabato 23 marzo (ore 14,30) si terr\u00e0 a Monza (piazza Trento e Trieste) una giornata di mobilitazione delle associazioni e dei cittadini brianzoli contro ogni forma di discriminazione. A promuoverla un gruppo di organizzazioni locali, tra i quali la Cisl Monza Brianza Lecco. L\u2019iniziativa \u00e8 ancora aperta a nuove adesioni (chi fosse interessato ad aderire pu\u00f2 cliccare <a href=\"http:\/\/bit.ly\/WelcomeToBrianza\">qui<\/a>). <\/strong><br \/>\n<strong>Di seguito pubblichiamo l\u2019appello pubblicato per lanciare l\u2019iniziativa.<\/strong><\/p>\n<p><img loading=\"lazy\" decoding=\"async\" class=\" wp-image-4457 alignright\" src=\"http:\/\/www.monzalecco.lombardia.cisl.it\/wp-content\/uploads\/2019\/03\/copertina-FB-Solidale-DEF-3-300x169.png\" alt=\"Brianza Solidale\" width=\"370\" height=\"213\" \/>\u00c8 ora di una straordinaria assunzione di responsabilit\u00e0, e di dare vita ad una azione che sappia dare voce e organizzare una resistenza civile e culturale ampia, diffusa, unitaria.<br \/>\nIn questi anni difficili migliaia di donne e uomini sul nostro territorio si sono impegnate quotidianamente in un\u2019opera straordinaria di solidariet\u00e0 per rendere migliore la qualit\u00e0 della vita di tutte le persone che hanno deciso di fare della Brianza il proprio luogo di vita e di progetto.<br \/>\nNoi vogliamo unire e non dividere, vogliamo farcela tutti insieme.<br \/>\nOggi si addensano nubi terribili sul futuro. Non passa giorno nel quale la pi\u00f9 becera e retrograda propaganda non metta in discussione i principi fondamentali della convivenza civile.<br \/>\nNella nostra provincia vivono oltre 70.000 persone di origine straniera, quotidianamente creano ricchezza economica e sociale, rappresentano anch\u2019essi il presente che costruisce il futuro.<br \/>\nNoi crediamo che le differenze siano un patrimonio per il futuro, una ricchezza da coltivare e non una pianta da estirpare.<br \/>\nNoi siamo per l\u2019inclusione e non per l\u2019esclusione, solo cos\u00ec si garantisce sicurezza e serenit\u00e0. Invece, chi predica odio e divisione crea le condizioni per l\u2019affermarsi della paura per il presente e per il futuro.<br \/>\nNoi siamo antifascisti e antirazzisti.<br \/>\nNoi ci battiamo per il riscatto dei pi\u00f9 deboli e per scelte radicalmente diverse in materia di immigrazione, di politiche di inclusione e di lotta alle diseguaglianze e alla povert\u00e0.<br \/>\nNoi ci mobilitiamo perch\u00e9 immaginiamo e vogliamo vivere in un territorio, un\u2019Italia e un\u2019Europa che siano pi\u00f9 giuste, pi\u00f9 aperte e pi\u00f9 felici.<br \/>\nIl momento \u00e8 ora, per incontrarci tutte e tutti in una giornata di lotta e di festa.<br \/>\nChiamiamo tutti i cittadini ad una straordinaria giornata di mobilitazione.<\/p>\n","protected":false},"excerpt":{"rendered":"<p>Sabato 23 marzo (ore 14,30) si terr\u00e0 a Monza (piazza Trento e Trieste) una giornata di mobilitazione delle associazioni e dei cittadini brianzoli contro ogni forma di discriminazione. A promuoverla un gruppo di organizzazioni locali, tra i quali la Cisl Monza Brianza Lecco. L\u2019iniziativa \u00e8 ancora aperta a nuove adesioni (chi fosse interessato ad aderire [&hellip;]<\/p>\n","protected":false},"author":5,"featured_media":4456,"comment_status":"closed","ping_status":"open","sticky":false,"template":"","format":"standard","meta":{"footnotes":""},"categories":[1],"tags":[300,301],"class_list":{"0":"post-4455","1":"post","2":"type-post","3":"status-publish","4":"format-standard","5":"has-post-thumbnail","7":"category-notizie","8":"tag-accoglienza","9":"tag-manifestazione","10":"czr-hentry"},"_links":{"self":[{"href":"https:\/\/www.monzalecco.lombardia.cisl.it\/index.php?rest_route=\/wp\/v2\/posts\/4455","targetHints":{"allow":["GET"]}}],"collection":[{"href":"https:\/\/www.monzalecco.lombardia.cisl.it\/index.php?rest_route=\/wp\/v2\/posts"}],"about":[{"href":"https:\/\/www.monzalecco.lombardia.cisl.it\/index.php?rest_route=\/wp\/v2\/types\/post"}],"author":[{"embeddable":true,"href":"https:\/\/www.monzalecco.lombardia.cisl.it\/index.php?rest_route=\/wp\/v2\/users\/5"}],"replies":[{"embeddable":true,"href":"https:\/\/www.monzalecco.lombardia.cisl.it\/index.php?rest_route=%2Fwp%2Fv2%2Fcomments&post=4455"}],"version-history":[{"count":2,"href":"https:\/\/www.monzalecco.lombardia.cisl.it\/index.php?rest_route=\/wp\/v2\/posts\/4455\/revisions"}],"predecessor-version":[{"id":4461,"href":"https:\/\/www.monzalecco.lombardia.cisl.it\/index.php?rest_route=\/wp\/v2\/posts\/4455\/revisions\/4461"}],"wp:featuredmedia":[{"embeddable":true,"href":"https:\/\/www.monzalecco.lombardia.cisl.it\/index.php?rest_route=\/wp\/v2\/media\/4456"}],"wp:attachment":[{"href":"https:\/\/www.monzalecco.lombardia.cisl.it\/index.php?rest_route=%2Fwp%2Fv2%2Fmedia&parent=4455"}],"wp:term":[{"taxonomy":"category","embeddable":true,"href":"https:\/\/www.monzalecco.lombardia.cisl.it\/index.php?rest_route=%2Fwp%2Fv2%2Fcategories&post=4455"},{"taxonomy":"post_tag","embeddable":true,"href":"https:\/\/www.monzalecco.lombardia.cisl.it\/index.php?rest_route=%2Fwp%2Fv2%2Ftags&post=4455"}],"curies":[{"name":"wp","href":"https:\/\/api.w.org\/{rel}","templated":true}]}}