{"id":4476,"date":"2019-03-12T10:29:27","date_gmt":"2019-03-12T09:29:27","guid":{"rendered":"http:\/\/www.monzalecco.lombardia.cisl.it\/?p=4476"},"modified":"2019-03-12T10:29:27","modified_gmt":"2019-03-12T09:29:27","slug":"sindacato-e-industria-4-0-entrano-a-scuola","status":"publish","type":"post","link":"https:\/\/www.monzalecco.lombardia.cisl.it\/?p=4476","title":{"rendered":"Sindacato e Industria 4.0 entrano a scuola"},"content":{"rendered":"<p>Come cambier\u00e0 il lavoro nei prossimi anni? Quali sono le opportunit\u00e0 offerte da Industria 4.0? Ne hanno parlato I rappresentanti Andrea Doneg\u00e0, segretario generale della Fim Cisl Lombardia ed Enrico Vacca, segretario generale della Fim Cisl Monza Brianza Lecco, in un incontro con gli studenti di una classe dell\u2019Istituto Mapelli di Monza che si \u00e8 tenuto ieri, 11 marzo, all\u2019interno del proprio progetto regionale di alternanza scuola lavoro.<\/p>\n<p>\u00abLa Fim ha sempre avuto una grande attenzione per i ragazzi e da anni li incontra sui banchi delle scuole \u2013 sottolineano Andrea Doneg\u00e0 ed Enrico Vacca -. Questo progetto vuole fare il salto di qualit\u00e0 per accompagnare i giovani nell\u2019evoluzione in atto nel mondo del lavoro soprattutto per quel che riguarda Industria 4.0, tema che la Fim sta studiando da anni e che, ora, \u00e8 impegnata a tradurre nella contrattazione aziendale per costruire, dai cambiamenti, opportunit\u00e0 per tutti. Il futuro non deve spaventare ma deve essere lo stimolo per far emergere e valorizzare la creativit\u00e0 e la capacit\u00e0 di progettazione della persona, una sfida che deve vedere il protagonismo dei giovani. Siamo convinti che il prossimo passo debba essere quello di giocare un ruolo decisivo nell\u2019orientamento scolastico dei ragazzi, snodo fondamentale per tutelare la loro occupabilit\u00e0\u00bb.<\/p>\n<p>La Fim, dopo l\u2019incontro in aula, nelle prossime settimane, accompagner\u00e0 gli studenti a visitare un\u2019azienda metalmeccanica della provincia che sta gi\u00e0 mettendo in atto processi di innovazione tecnologica e organizzativa. \u00abSiamo fortemente convinti \u2013 proseguono Doneg\u00e0 e Vacca &#8211; che scuole e imprese debbano essere sempre pi\u00f9 collegate e interconnesse per sconfiggere la disoccupazione giovanile e poter rispondere al bisogno di competenze che le aziende richiedono. Per noi l\u2019alternanza scuola lavoro \u00e8 una via da potenziare e non da allentare, come ha fatto invece questo governo dimostrando miopia, perch\u00e9 \u00e8 uno strumento in grado di far incontrare la domanda di professionalit\u00e0 e competenze delle imprese con l\u2019offerta formativa delle scuole. Solo connettendo questi due mondi potremo risolvere il disallineamento tra le professionalit\u00e0 richieste e quelle preparate dal mondo formativo, fattore che rende difficile l\u2019accesso al lavoro per i giovani e blocca il bisogno di innovazione che Industria 4.0 richiede al Paese. Noi non temiamo lo sviluppo delle tecnologie e per questo siamo impegnati a studiarle e comprenderle per poter governare i cambiamenti e ridare protagonismo e centralit\u00e0 ai lavoratori come, appunto, abbiamo fatto con l\u2019ultimo e innovativo Contratto dei metalmeccanici che prepara il terreno a queste sfide. La Fim, insieme alla Cisl, si candida, coi fatti, a essere il sindacato che vuole accompagnare le persone in un futuro che dia opportunit\u00e0 a tutti e in una societ\u00e0 pienamente inclusiva\u00bb.<\/p>\n","protected":false},"excerpt":{"rendered":"<p>Come cambier\u00e0 il lavoro nei prossimi anni? Quali sono le opportunit\u00e0 offerte da Industria 4.0? Ne hanno parlato I rappresentanti Andrea Doneg\u00e0, segretario generale della Fim Cisl Lombardia ed Enrico Vacca, segretario generale della Fim Cisl Monza Brianza Lecco, in un incontro con gli studenti di una classe dell\u2019Istituto Mapelli di Monza che si \u00e8 [&hellip;]<\/p>\n","protected":false},"author":5,"featured_media":4477,"comment_status":"closed","ping_status":"open","sticky":false,"template":"","format":"standard","meta":{"footnotes":""},"categories":[1],"tags":[27,303,304],"class_list":{"0":"post-4476","1":"post","2":"type-post","3":"status-publish","4":"format-standard","5":"has-post-thumbnail","7":"category-notizie","8":"tag-fim","9":"tag-industria-4-0","10":"tag-sindacato","11":"czr-hentry"},"_links":{"self":[{"href":"https:\/\/www.monzalecco.lombardia.cisl.it\/index.php?rest_route=\/wp\/v2\/posts\/4476","targetHints":{"allow":["GET"]}}],"collection":[{"href":"https:\/\/www.monzalecco.lombardia.cisl.it\/index.php?rest_route=\/wp\/v2\/posts"}],"about":[{"href":"https:\/\/www.monzalecco.lombardia.cisl.it\/index.php?rest_route=\/wp\/v2\/types\/post"}],"author":[{"embeddable":true,"href":"https:\/\/www.monzalecco.lombardia.cisl.it\/index.php?rest_route=\/wp\/v2\/users\/5"}],"replies":[{"embeddable":true,"href":"https:\/\/www.monzalecco.lombardia.cisl.it\/index.php?rest_route=%2Fwp%2Fv2%2Fcomments&post=4476"}],"version-history":[{"count":1,"href":"https:\/\/www.monzalecco.lombardia.cisl.it\/index.php?rest_route=\/wp\/v2\/posts\/4476\/revisions"}],"predecessor-version":[{"id":4478,"href":"https:\/\/www.monzalecco.lombardia.cisl.it\/index.php?rest_route=\/wp\/v2\/posts\/4476\/revisions\/4478"}],"wp:featuredmedia":[{"embeddable":true,"href":"https:\/\/www.monzalecco.lombardia.cisl.it\/index.php?rest_route=\/wp\/v2\/media\/4477"}],"wp:attachment":[{"href":"https:\/\/www.monzalecco.lombardia.cisl.it\/index.php?rest_route=%2Fwp%2Fv2%2Fmedia&parent=4476"}],"wp:term":[{"taxonomy":"category","embeddable":true,"href":"https:\/\/www.monzalecco.lombardia.cisl.it\/index.php?rest_route=%2Fwp%2Fv2%2Fcategories&post=4476"},{"taxonomy":"post_tag","embeddable":true,"href":"https:\/\/www.monzalecco.lombardia.cisl.it\/index.php?rest_route=%2Fwp%2Fv2%2Ftags&post=4476"}],"curies":[{"name":"wp","href":"https:\/\/api.w.org\/{rel}","templated":true}]}}