{"id":4486,"date":"2019-03-13T15:41:33","date_gmt":"2019-03-13T14:41:33","guid":{"rendered":"http:\/\/www.monzalecco.lombardia.cisl.it\/?p=4486"},"modified":"2019-03-13T15:55:29","modified_gmt":"2019-03-13T14:55:29","slug":"alla-maggi-catene-braccia-incrciate","status":"publish","type":"post","link":"https:\/\/www.monzalecco.lombardia.cisl.it\/?p=4486","title":{"rendered":"Alla Maggi Catene braccia incrociate"},"content":{"rendered":"<p>Lavoratori in sciopero alla Maggi Catene di Olginate. Ieri hanno incrociato le braccia dalle 8 alle 17, oggi, di nuovo, per altre otto ore. Domani, gioved\u00ec 14, si terr\u00e0 un picchetto sotto la sede della Confindustria di Lecco dove si terr\u00e0 un incontro tra sindacato e direzione.<\/p>\n<p>I\u00a0 lavoratori, sostenuti dai sindacalisti di Fim, Fiom e Uil, hanno deciso astenersi dal lavoro perch\u00e9 sostengono che il piano concordatario presentato dall&#8217;azienda li danneggi ulteriormente dopo aver gi\u00e0 pagato duramente la crisi aziendale degli scorsi anni.<\/p>\n<p>\u00abI lavoratori\u2013 spiegano i sindacalisti &#8211; hanno sempre accompagnato e supportato l\u2019azienda in questo percorso di crisi che dura da alcuni anni e quindi hanno deciso di dire no a questa situazione che deve essere sistemata\u00bb.<\/p>\n","protected":false},"excerpt":{"rendered":"<p>Lavoratori in sciopero alla Maggi Catene di Olginate. Ieri hanno incrociato le braccia dalle 8 alle 17, oggi, di nuovo, per altre otto ore. Domani, gioved\u00ec 14, si terr\u00e0 un picchetto sotto la sede della Confindustria di Lecco dove si terr\u00e0 un incontro tra sindacato e direzione. I\u00a0 lavoratori, sostenuti dai sindacalisti di Fim, Fiom [&hellip;]<\/p>\n","protected":false},"author":5,"featured_media":4487,"comment_status":"closed","ping_status":"open","sticky":false,"template":"","format":"standard","meta":{"footnotes":""},"categories":[1],"tags":[27,305,306],"class_list":{"0":"post-4486","1":"post","2":"type-post","3":"status-publish","4":"format-standard","5":"has-post-thumbnail","7":"category-notizie","8":"tag-fim","9":"tag-maggi-catene","10":"tag-olginate","11":"czr-hentry"},"_links":{"self":[{"href":"https:\/\/www.monzalecco.lombardia.cisl.it\/index.php?rest_route=\/wp\/v2\/posts\/4486","targetHints":{"allow":["GET"]}}],"collection":[{"href":"https:\/\/www.monzalecco.lombardia.cisl.it\/index.php?rest_route=\/wp\/v2\/posts"}],"about":[{"href":"https:\/\/www.monzalecco.lombardia.cisl.it\/index.php?rest_route=\/wp\/v2\/types\/post"}],"author":[{"embeddable":true,"href":"https:\/\/www.monzalecco.lombardia.cisl.it\/index.php?rest_route=\/wp\/v2\/users\/5"}],"replies":[{"embeddable":true,"href":"https:\/\/www.monzalecco.lombardia.cisl.it\/index.php?rest_route=%2Fwp%2Fv2%2Fcomments&post=4486"}],"version-history":[{"count":4,"href":"https:\/\/www.monzalecco.lombardia.cisl.it\/index.php?rest_route=\/wp\/v2\/posts\/4486\/revisions"}],"predecessor-version":[{"id":4491,"href":"https:\/\/www.monzalecco.lombardia.cisl.it\/index.php?rest_route=\/wp\/v2\/posts\/4486\/revisions\/4491"}],"wp:featuredmedia":[{"embeddable":true,"href":"https:\/\/www.monzalecco.lombardia.cisl.it\/index.php?rest_route=\/wp\/v2\/media\/4487"}],"wp:attachment":[{"href":"https:\/\/www.monzalecco.lombardia.cisl.it\/index.php?rest_route=%2Fwp%2Fv2%2Fmedia&parent=4486"}],"wp:term":[{"taxonomy":"category","embeddable":true,"href":"https:\/\/www.monzalecco.lombardia.cisl.it\/index.php?rest_route=%2Fwp%2Fv2%2Fcategories&post=4486"},{"taxonomy":"post_tag","embeddable":true,"href":"https:\/\/www.monzalecco.lombardia.cisl.it\/index.php?rest_route=%2Fwp%2Fv2%2Ftags&post=4486"}],"curies":[{"name":"wp","href":"https:\/\/api.w.org\/{rel}","templated":true}]}}