{"id":4500,"date":"2019-03-14T15:46:22","date_gmt":"2019-03-14T14:46:22","guid":{"rendered":"http:\/\/www.monzalecco.lombardia.cisl.it\/?p=4500"},"modified":"2019-03-14T15:51:06","modified_gmt":"2019-03-14T14:51:06","slug":"ambiente-cisl-in-piazza-con-i-giovani","status":"publish","type":"post","link":"https:\/\/www.monzalecco.lombardia.cisl.it\/?p=4500","title":{"rendered":"Ambiente, Cisl in piazza con i giovani"},"content":{"rendered":"<p>\u00abAnche la Cisl \u00e8 al fianco dei giovani che saranno nelle piazze in Europa ed in tutto il mondo per chiedere ai governi un cambio di marcia sulle politiche ambientali. Si deve conciliare lo sviluppo economico con la salvaguardia dell&#8217; ambiente e della salute\u00bb. Lo scrive su twitter la Segretaria Generale della Cisl, Annamaria Furlan, alla vigilia dello sciopero mondiale degli studenti per il clima promossa dal movimento <a href=\"http:\/\/fridaysforfuture.org\">fridaysforfuture.org<\/a>.<\/p>\n<p>\u00abGli effetti e le conseguenze dei cambiamenti climatici &#8211; ha sottolineato dalla sua il Segretario confederale, Angelo Colombini, responsabile delle Politiche ambientali della Cisl &#8211; devono essere affrontati con la massima urgenza in tutto il mondo da chi ha responsabilit\u00e0 poltiche. Dai disastri ambientali alle migrazioni forzate sono evidenti i sintomi dei cambiamenti climatici che coinvolgono in gran parte le fasce pi\u00f9 deboli della popolazione. La presa di coscienza da parte dei giovani di tali problemi, la loro consapevolezza ed il loro impegno non possono che trovare la nostra approvazione ed il nostro sostegno. L\u2019azione degli studenti si collega bene con le richieste e le azioni del sindacato, per la Just Transition, atte a contrastare i cambiamenti climatici. Sulla linea del movimento sindacale internazionale garantiamo il massimo appoggio possibile, ma non dobbiamo n\u00e9 vogliamo rubare la scena e la piena titolarit\u00e0 ai giovani ed agli studenti che il 15 marzo si attiveranno nelle forme che riterranno pi\u00f9 opportune. Il futuro \u00e8 dei giovani e noi abbiamo il compito di lasciare loro il pianeta in condizioni migliori\u00bb.<\/p>\n<p>Gli studenti saranno in piazza:<\/p>\n<ul>\n<li>a <strong>Lecco<\/strong>, piazza Cermenati, dalle ore 10 alle 15,30<\/li>\n<li>a <strong>Monza, <\/strong>piazza Trento e Trieste dalle ore 9<\/li>\n<\/ul>\n","protected":false},"excerpt":{"rendered":"<p>\u00abAnche la Cisl \u00e8 al fianco dei giovani che saranno nelle piazze in Europa ed in tutto il mondo per chiedere ai governi un cambio di marcia sulle politiche ambientali. Si deve conciliare lo sviluppo economico con la salvaguardia dell&#8217; ambiente e della salute\u00bb. Lo scrive su twitter la Segretaria Generale della Cisl, Annamaria Furlan, [&hellip;]<\/p>\n","protected":false},"author":5,"featured_media":4503,"comment_status":"closed","ping_status":"open","sticky":false,"template":"","format":"standard","meta":{"footnotes":""},"categories":[1],"tags":[308,95,22],"class_list":{"0":"post-4500","1":"post","2":"type-post","3":"status-publish","4":"format-standard","5":"has-post-thumbnail","7":"category-notizie","8":"tag-ambiente","9":"tag-lecco","10":"tag-monza","11":"czr-hentry"},"_links":{"self":[{"href":"https:\/\/www.monzalecco.lombardia.cisl.it\/index.php?rest_route=\/wp\/v2\/posts\/4500","targetHints":{"allow":["GET"]}}],"collection":[{"href":"https:\/\/www.monzalecco.lombardia.cisl.it\/index.php?rest_route=\/wp\/v2\/posts"}],"about":[{"href":"https:\/\/www.monzalecco.lombardia.cisl.it\/index.php?rest_route=\/wp\/v2\/types\/post"}],"author":[{"embeddable":true,"href":"https:\/\/www.monzalecco.lombardia.cisl.it\/index.php?rest_route=\/wp\/v2\/users\/5"}],"replies":[{"embeddable":true,"href":"https:\/\/www.monzalecco.lombardia.cisl.it\/index.php?rest_route=%2Fwp%2Fv2%2Fcomments&post=4500"}],"version-history":[{"count":1,"href":"https:\/\/www.monzalecco.lombardia.cisl.it\/index.php?rest_route=\/wp\/v2\/posts\/4500\/revisions"}],"predecessor-version":[{"id":4502,"href":"https:\/\/www.monzalecco.lombardia.cisl.it\/index.php?rest_route=\/wp\/v2\/posts\/4500\/revisions\/4502"}],"wp:featuredmedia":[{"embeddable":true,"href":"https:\/\/www.monzalecco.lombardia.cisl.it\/index.php?rest_route=\/wp\/v2\/media\/4503"}],"wp:attachment":[{"href":"https:\/\/www.monzalecco.lombardia.cisl.it\/index.php?rest_route=%2Fwp%2Fv2%2Fmedia&parent=4500"}],"wp:term":[{"taxonomy":"category","embeddable":true,"href":"https:\/\/www.monzalecco.lombardia.cisl.it\/index.php?rest_route=%2Fwp%2Fv2%2Fcategories&post=4500"},{"taxonomy":"post_tag","embeddable":true,"href":"https:\/\/www.monzalecco.lombardia.cisl.it\/index.php?rest_route=%2Fwp%2Fv2%2Ftags&post=4500"}],"curies":[{"name":"wp","href":"https:\/\/api.w.org\/{rel}","templated":true}]}}