{"id":4548,"date":"2019-03-20T16:58:21","date_gmt":"2019-03-20T15:58:21","guid":{"rendered":"http:\/\/www.monzalecco.lombardia.cisl.it\/?p=4548"},"modified":"2019-03-20T17:02:22","modified_gmt":"2019-03-20T16:02:22","slug":"monza-manifestazione-contro-il-razzismo","status":"publish","type":"post","link":"https:\/\/www.monzalecco.lombardia.cisl.it\/?p=4548","title":{"rendered":"Monza, manifestazione contro il razzismo"},"content":{"rendered":"<p>\u00abLa discriminazione razziale si pu\u00f2 eliminare soltanto sradicandola dai comportamenti individuali\u00bb. Cos\u00ec il presidente di Anolf Lombardia, Luis Lageder, alla vigilia della Giornata internazionale per l\u2019eliminazione della discriminazione razziale che si celebra domani 21 marzo.<\/p>\n<p>\u00abLa discriminazione razziale \u00e8 tanto pi\u00f9 odiosa, umiliante ed emarginante perch\u00e9 colpisce un tratto distintivo irrinunciabile dell\u2019identit\u00e0 di una persona e ne aggredisce quindi la dignit\u00e0 \u2013 sottolinea -. Sono gli atteggiamenti che, pur non traducendosi necessariamente in atti razzisti strutturati e consapevoli, sorreggono un clima sociale e delle relazioni di tolleranza ed approvazione degli atti discriminatori\u00bb.<\/p>\n<p>\u00ab\u00c8 determinata \u2013 prosegue \u2013 dalle forme pi\u00f9 diverse di ignoranza, paura, pregiudizio, stereotipo. Non necessariamente ha un fondamento ideologico strutturato. \u00c8 anzitutto personale. Pu\u00f2 anche non essere intenzionale. Pu\u00f2 essere istituzionale e sistemica come nel caso di una legge che, apparentemente neutrale nelle sue basi legali o politiche, determina una disparit\u00e0 illecita\u00bb.<\/p>\n<p>\u00abDobbiamo registrare \u2013 aggiunge Lageder \u2013 che la discriminazione razziale \u00e8 diffusa nella nostra societ\u00e0 sul piano strutturale, istituzionale e individuale. E questo determina preoccupazione Ma ben pi\u00f9 importante deve essere la scelta di occuparcene, con una proposta di riflessione che scelga di svolgere un lavoro di prevenzione, di sensibilizzazione \u2013 nei sindacati \u2013 di affermazione, di incisione sulla qualit\u00e0 delle relazioni\u00bb.<\/p>\n<p>Proprio per dire no a qualsiasi forma di discriminazione, sabato 23 marzo (ore 14,30) si terr\u00e0 a Monza (piazza Trento e Trieste) una giornata di mobilitazione delle associazioni e dei cittadini brianzoli. A promuoverla un gruppo di organizzazioni locali, tra i quali la Cisl Monza Brianza Lecco. \u00abNoi siamo antifascisti e antirazzisti &#8211; spiegano gli organizzatori -. Noi ci battiamo per il riscatto dei pi\u00f9 deboli e per scelte radicalmente diverse in materia di immigrazione, di politiche di inclusione e di lotta alle diseguaglianze e alla povert\u00e0.\u00a0Noi ci mobilitiamo perch\u00e9 immaginiamo e vogliamo vivere in un territorio, un\u2019Italia e un\u2019Europa che siano pi\u00f9 giuste, pi\u00f9 aperte e pi\u00f9 felici\u00bb.<\/p>\n","protected":false},"excerpt":{"rendered":"<p>\u00abLa discriminazione razziale si pu\u00f2 eliminare soltanto sradicandola dai comportamenti individuali\u00bb. Cos\u00ec il presidente di Anolf Lombardia, Luis Lageder, alla vigilia della Giornata internazionale per l\u2019eliminazione della discriminazione razziale che si celebra domani 21 marzo. \u00abLa discriminazione razziale \u00e8 tanto pi\u00f9 odiosa, umiliante ed emarginante perch\u00e9 colpisce un tratto distintivo irrinunciabile dell\u2019identit\u00e0 di una persona [&hellip;]<\/p>\n","protected":false},"author":5,"featured_media":4550,"comment_status":"closed","ping_status":"open","sticky":false,"template":"","format":"standard","meta":{"footnotes":""},"categories":[1],"tags":[313,22,312],"class_list":{"0":"post-4548","1":"post","2":"type-post","3":"status-publish","4":"format-standard","5":"has-post-thumbnail","7":"category-notizie","8":"tag-discriminazione","9":"tag-monza","10":"tag-razzismo","11":"czr-hentry"},"_links":{"self":[{"href":"https:\/\/www.monzalecco.lombardia.cisl.it\/index.php?rest_route=\/wp\/v2\/posts\/4548","targetHints":{"allow":["GET"]}}],"collection":[{"href":"https:\/\/www.monzalecco.lombardia.cisl.it\/index.php?rest_route=\/wp\/v2\/posts"}],"about":[{"href":"https:\/\/www.monzalecco.lombardia.cisl.it\/index.php?rest_route=\/wp\/v2\/types\/post"}],"author":[{"embeddable":true,"href":"https:\/\/www.monzalecco.lombardia.cisl.it\/index.php?rest_route=\/wp\/v2\/users\/5"}],"replies":[{"embeddable":true,"href":"https:\/\/www.monzalecco.lombardia.cisl.it\/index.php?rest_route=%2Fwp%2Fv2%2Fcomments&post=4548"}],"version-history":[{"count":1,"href":"https:\/\/www.monzalecco.lombardia.cisl.it\/index.php?rest_route=\/wp\/v2\/posts\/4548\/revisions"}],"predecessor-version":[{"id":4551,"href":"https:\/\/www.monzalecco.lombardia.cisl.it\/index.php?rest_route=\/wp\/v2\/posts\/4548\/revisions\/4551"}],"wp:featuredmedia":[{"embeddable":true,"href":"https:\/\/www.monzalecco.lombardia.cisl.it\/index.php?rest_route=\/wp\/v2\/media\/4550"}],"wp:attachment":[{"href":"https:\/\/www.monzalecco.lombardia.cisl.it\/index.php?rest_route=%2Fwp%2Fv2%2Fmedia&parent=4548"}],"wp:term":[{"taxonomy":"category","embeddable":true,"href":"https:\/\/www.monzalecco.lombardia.cisl.it\/index.php?rest_route=%2Fwp%2Fv2%2Fcategories&post=4548"},{"taxonomy":"post_tag","embeddable":true,"href":"https:\/\/www.monzalecco.lombardia.cisl.it\/index.php?rest_route=%2Fwp%2Fv2%2Ftags&post=4548"}],"curies":[{"name":"wp","href":"https:\/\/api.w.org\/{rel}","templated":true}]}}