{"id":4582,"date":"2019-03-25T21:08:29","date_gmt":"2019-03-25T20:08:29","guid":{"rendered":"http:\/\/www.monzalecco.lombardia.cisl.it\/?p=4582"},"modified":"2019-03-25T21:08:29","modified_gmt":"2019-03-25T20:08:29","slug":"tremila-per-una-brianza-solidale","status":"publish","type":"post","link":"https:\/\/www.monzalecco.lombardia.cisl.it\/?p=4582","title":{"rendered":"Tremila per una Brianza solidale"},"content":{"rendered":"<p>La Brianza accogliente e solidale \u00e8 una realt\u00e0 che ha radici profonde e sabato tremila persone lo hanno manifestato per le vie di Monza. I tanti colori, i bellissimi striscioni a opera dei laboratori delle associazioni, la musica, gli appelli e le testimonianze hanno dimostrato che un altro Paese \u00e8 possibile.<\/p>\n<p>Un Paese aperto alla speranza per tutti coloro che vi giungono da ogni parte del mondo e capace di praticare la solidariet\u00e0 nel quotidiano, nelle tante azioni che le organizzazioni e le persone mettono in campo a vantaggio di chi \u00e8 pi\u00f9 debole e fragile. La Brianza che ha manifestato sabato \u00e8 convinta che solo le societ\u00e0 aperte saranno capaci di plasmare un futuro concreto fatto di opportunit\u00e0 e sviluppo. Chi invece erige muri di egoismo attorno a pretese identit\u00e0 fondate sulla nascita del tutto casuale in un determinato territorio, \u00e8 capace solo di immaginare un futuro costruito sulla paura e sulla discriminazione.<\/p>\n<p>Date le complesse dinamiche che anche il nostro territorio conosce ormai da anni, \u00e8 del tutto ideologico negare che vi sia una necessit\u00e0 plurima, demografica, sociale ed economica, di accogliere persone che giungono da Paesi stranieri. Le risposte di chi opera nei servizi o nella rappresentanza su questi temi mostrano che , pur nelle differenze di stili e di proposte , esiste un terreno condiviso fondato sul rispetto e sulla tutela dei diritti degli ultimi, quale garanzia per l\u2019esercizio dei diritti di tutti.<\/p>\n<p>La Brianza accogliente e solidale ha anche offerto una risposta democratica e civile contro tutte le insorgenze di razzismo e intolleranza purtroppo moltiplicatesi negli ultimi tempi e che sono state rese possibili anche grazie allo sdoganamento colpevole di assunti e posizioni da parte di esponenti del Governo che contrastano con lo spirito della nostra Costituzione repubblicana, la quale \u00abriconosce e garantisce i diritti inviolabili dell\u2019uomo, sia come singolo sia nelle formazioni sociali ove si svolge la sua personalit\u00e0, e richiede l\u2019adempimento dei doveri inderogabili di solidariet\u00e0 politica, economica e sociale\u00bb.<\/p>\n<p>La Brianza scesa in piazza ha sostenuto a lettere capitali che episodi odiosi come ad esempio le scritte contro Bakary Dandio, l\u2019atleta senegalese adottato da una coppia di Melegnano, oppure gli insulti espressi da un maestro elementare contro un bambino nigeriano in una scuola di Foligno, in un Paese antifascista e democratico come il nostro non debbono pi\u00f9 trovare casa.<\/p>\n<p>Ancora grazie a tutte le donne e a tutti gli uomini che con la loro presenza hanno garantito la piena riuscita di un bellissimo giorno di festa e di lotta.<\/p>\n<p>Con la giornata di sabato assumiamo un impegno preciso: dare continuit\u00e0 sul territorio a una azione capace di costruire iniziative e proposte con il contributo e la ricchezza che tutte le associazioni promotrici e aderenti non mancheranno di portare.<\/p>\n<p><strong>Rete Brianza accogliente e solidale<\/strong><\/p>\n","protected":false},"excerpt":{"rendered":"<p>La Brianza accogliente e solidale \u00e8 una realt\u00e0 che ha radici profonde e sabato tremila persone lo hanno manifestato per le vie di Monza. I tanti colori, i bellissimi striscioni a opera dei laboratori delle associazioni, la musica, gli appelli e le testimonianze hanno dimostrato che un altro Paese \u00e8 possibile. Un Paese aperto alla [&hellip;]<\/p>\n","protected":false},"author":5,"featured_media":4583,"comment_status":"closed","ping_status":"open","sticky":false,"template":"","format":"standard","meta":{"footnotes":""},"categories":[1],"tags":[300,23,319],"class_list":{"0":"post-4582","1":"post","2":"type-post","3":"status-publish","4":"format-standard","5":"has-post-thumbnail","7":"category-notizie","8":"tag-accoglienza","9":"tag-brianza","10":"tag-solidarieta","11":"czr-hentry"},"_links":{"self":[{"href":"https:\/\/www.monzalecco.lombardia.cisl.it\/index.php?rest_route=\/wp\/v2\/posts\/4582","targetHints":{"allow":["GET"]}}],"collection":[{"href":"https:\/\/www.monzalecco.lombardia.cisl.it\/index.php?rest_route=\/wp\/v2\/posts"}],"about":[{"href":"https:\/\/www.monzalecco.lombardia.cisl.it\/index.php?rest_route=\/wp\/v2\/types\/post"}],"author":[{"embeddable":true,"href":"https:\/\/www.monzalecco.lombardia.cisl.it\/index.php?rest_route=\/wp\/v2\/users\/5"}],"replies":[{"embeddable":true,"href":"https:\/\/www.monzalecco.lombardia.cisl.it\/index.php?rest_route=%2Fwp%2Fv2%2Fcomments&post=4582"}],"version-history":[{"count":1,"href":"https:\/\/www.monzalecco.lombardia.cisl.it\/index.php?rest_route=\/wp\/v2\/posts\/4582\/revisions"}],"predecessor-version":[{"id":4584,"href":"https:\/\/www.monzalecco.lombardia.cisl.it\/index.php?rest_route=\/wp\/v2\/posts\/4582\/revisions\/4584"}],"wp:featuredmedia":[{"embeddable":true,"href":"https:\/\/www.monzalecco.lombardia.cisl.it\/index.php?rest_route=\/wp\/v2\/media\/4583"}],"wp:attachment":[{"href":"https:\/\/www.monzalecco.lombardia.cisl.it\/index.php?rest_route=%2Fwp%2Fv2%2Fmedia&parent=4582"}],"wp:term":[{"taxonomy":"category","embeddable":true,"href":"https:\/\/www.monzalecco.lombardia.cisl.it\/index.php?rest_route=%2Fwp%2Fv2%2Fcategories&post=4582"},{"taxonomy":"post_tag","embeddable":true,"href":"https:\/\/www.monzalecco.lombardia.cisl.it\/index.php?rest_route=%2Fwp%2Fv2%2Ftags&post=4582"}],"curies":[{"name":"wp","href":"https:\/\/api.w.org\/{rel}","templated":true}]}}