{"id":4791,"date":"2019-04-13T10:13:02","date_gmt":"2019-04-13T08:13:02","guid":{"rendered":"http:\/\/www.monzalecco.lombardia.cisl.it\/?p=4791"},"modified":"2019-04-13T10:13:02","modified_gmt":"2019-04-13T08:13:02","slug":"peg-perego-evitati-i-licenziamenti","status":"publish","type":"post","link":"https:\/\/www.monzalecco.lombardia.cisl.it\/?p=4791","title":{"rendered":"Peg Perego, evitati i licenziamenti"},"content":{"rendered":"<p>Nessun licenziamento e ricorso alla cassa integrazione alla Peg Perego di Arcore, azienda che produce articoli per l&#8217;infanzia. L&#8217;accordo, che dovr\u00e0 poi essere ratificato\u00a0dai lavoratori dopo le assemblee che si terranno nei prossimi giorni, \u00e8 stato raggiunto ieri da direzione aziendale e organizzazioni sindacali.<\/p>\n<p>Le trattative erano partire dall&#8217;annuncio dell&#8217;azienda dell&#8217;andamento negativo delle attivit\u00e0 e dalla scelta di\u00a0cessare progressivamente l&#8217;attivit\u00e0 del reparto premontaggio, confezione e dalla riduzione del\u00a0 magazzino intensivo. Dal confronto con i rappresentanti sindacali si \u00e8 giunti alla conclusione di non avviare la procedura di licenziamento collettivo per i 110 esuberi (su 443 dipendenti) ma, come richiesto dalla delegazione sindacale, di avviare la procedura di cassa integrazione guadagni straordinaria per 12 mesi.<\/p>\n<p>La Cigs riguarder\u00e0 tutti i 443 dipendenti con l\u2019obiettivo di effettuare la massima rotazione\u00a0possibile tra i lavoratori per ridurne l&#8217;impatto. I lavoratori durante la cassa matureranno in misura proporzionale alle ore lavorate gli istituti contrattuali, garantendo la maturazione minima del 30%,anche se per esigenze tecnico\u00a0 organizzative, le ore lavorate fossero inferiori a tale percentuale.<\/p>\n<p>Oltre alla Cigs, si concordato il piano di gestione degli esuberi cosi articolato:<\/p>\n<p>1) iniziative per la formazione e riqualificazione dei lavoratori per soluzioni occupazionali alternative interne e\/o esterne mediante il ricorso ad Enti esterni (dote unica lavoro\/assegno di ricollocazione); 2) avvio di approfondimenti con enti esterni (Inail) per dar corso a iniziative volte a favorire la ricollocazione interna di soggetti con\u00a0particolari criticit\u00e0; 3) incentivazione all&#8217;esodo diversificata tra chi raggiunge il requisito pensionistico e chi no e dovesse scegliere volontariamente, di uscire dall\u2019azienda;\u00a04) iniziative di outplacement in favore dei lavoratori interessati in\u00a0occasione della cessazione del rapporto di lavoro.<\/p>\n<p>L\u2019incentivazione economica per coloro che volessero volontariamente uscire sar\u00e0 di 17.000 euro, per i lavoratori pensionabili tale incentivo verr\u00e0 erogato in misura proporzionale ai mesi di Naspi che verranno usufruiti.\u00a0L&#8217;accordo raggiunto dovr\u00e0 essere ratificato in sede regionale.<\/p>\n<p>\u00abRiteniamo l&#8217;accordo raggiunto positivo &#8211; spiega Eliana Dell&#8217;Acqua, Fim Cisl Mbl -, evita la procedura di licenziamento collettivo che era<br \/>\nstata annunciata. In alternativa ai criteri di legge, nel corso della Cigs, per la scelta dei lavoratori da licenziare,\u00a0 l\u2019unico criterio, sar\u00e0 quello della non opposizione al licenziamento da parte del lavoratore, al quale vengono messi a disposizione diversi strumenti per chi ne far\u00e0 richiesta per trovare soluzioni di ricollocazione. Altro aspetto importante \u00e8 la possibilit\u00e0 che si puo aprire con I&#8217;Inail per i lavoratori con particolari criticit\u00e0. Il risultato non era scontato, avremmo anche potuto non riuscire a giungere\u00a0a un accordo e la legge avrebbe consentito all\u2019azienda di licenziare\u00bb,<\/p>\n","protected":false},"excerpt":{"rendered":"<p>Nessun licenziamento e ricorso alla cassa integrazione alla Peg Perego di Arcore, azienda che produce articoli per l&#8217;infanzia. L&#8217;accordo, che dovr\u00e0 poi essere ratificato\u00a0dai lavoratori dopo le assemblee che si terranno nei prossimi giorni, \u00e8 stato raggiunto ieri da direzione aziendale e organizzazioni sindacali. Le trattative erano partire dall&#8217;annuncio dell&#8217;azienda dell&#8217;andamento negativo delle attivit\u00e0 e [&hellip;]<\/p>\n","protected":false},"author":5,"featured_media":4792,"comment_status":"closed","ping_status":"open","sticky":false,"template":"","format":"standard","meta":{"footnotes":""},"categories":[1],"tags":[128,27,270],"class_list":{"0":"post-4791","1":"post","2":"type-post","3":"status-publish","4":"format-standard","5":"has-post-thumbnail","7":"category-notizie","8":"tag-arcore","9":"tag-fim","10":"tag-peg-perego","11":"czr-hentry"},"_links":{"self":[{"href":"https:\/\/www.monzalecco.lombardia.cisl.it\/index.php?rest_route=\/wp\/v2\/posts\/4791","targetHints":{"allow":["GET"]}}],"collection":[{"href":"https:\/\/www.monzalecco.lombardia.cisl.it\/index.php?rest_route=\/wp\/v2\/posts"}],"about":[{"href":"https:\/\/www.monzalecco.lombardia.cisl.it\/index.php?rest_route=\/wp\/v2\/types\/post"}],"author":[{"embeddable":true,"href":"https:\/\/www.monzalecco.lombardia.cisl.it\/index.php?rest_route=\/wp\/v2\/users\/5"}],"replies":[{"embeddable":true,"href":"https:\/\/www.monzalecco.lombardia.cisl.it\/index.php?rest_route=%2Fwp%2Fv2%2Fcomments&post=4791"}],"version-history":[{"count":1,"href":"https:\/\/www.monzalecco.lombardia.cisl.it\/index.php?rest_route=\/wp\/v2\/posts\/4791\/revisions"}],"predecessor-version":[{"id":4793,"href":"https:\/\/www.monzalecco.lombardia.cisl.it\/index.php?rest_route=\/wp\/v2\/posts\/4791\/revisions\/4793"}],"wp:featuredmedia":[{"embeddable":true,"href":"https:\/\/www.monzalecco.lombardia.cisl.it\/index.php?rest_route=\/wp\/v2\/media\/4792"}],"wp:attachment":[{"href":"https:\/\/www.monzalecco.lombardia.cisl.it\/index.php?rest_route=%2Fwp%2Fv2%2Fmedia&parent=4791"}],"wp:term":[{"taxonomy":"category","embeddable":true,"href":"https:\/\/www.monzalecco.lombardia.cisl.it\/index.php?rest_route=%2Fwp%2Fv2%2Fcategories&post=4791"},{"taxonomy":"post_tag","embeddable":true,"href":"https:\/\/www.monzalecco.lombardia.cisl.it\/index.php?rest_route=%2Fwp%2Fv2%2Ftags&post=4791"}],"curies":[{"name":"wp","href":"https:\/\/api.w.org\/{rel}","templated":true}]}}