{"id":4832,"date":"2019-04-17T15:45:47","date_gmt":"2019-04-17T13:45:47","guid":{"rendered":"http:\/\/www.monzalecco.lombardia.cisl.it\/?p=4832"},"modified":"2019-04-17T15:47:23","modified_gmt":"2019-04-17T13:47:23","slug":"festivita-ecco-i-giorni-di-chiusura","status":"publish","type":"post","link":"https:\/\/www.monzalecco.lombardia.cisl.it\/?p=4832","title":{"rendered":"Festivit\u00e0, ecco i giorni di chiusura"},"content":{"rendered":"<p>In occasione delle festivit\u00e0 pasquali e civili, le sedi Cisl Monza Brianza Lecco saranno chiuse i seguenti giorni:<\/p>\n<ul>\n<li>Sabato 20 aprile<\/li>\n<li>Luned\u00ec 22 aprile<\/li>\n<li>Gioved\u00ec 25 aprile<\/li>\n<li>Venerd\u00ec 26 aprile (*)<\/li>\n<li>Sabato 27 aprile<\/li>\n<li>Mercoled\u00ec 1\u00b0 maggio<\/li>\n<\/ul>\n<p><em>(*) Ad esclusione delle sedi Caf Cisl<\/em><\/p>\n","protected":false},"excerpt":{"rendered":"<p>In occasione delle festivit\u00e0 pasquali e civili, le sedi Cisl Monza Brianza Lecco saranno chiuse i seguenti giorni: Sabato 20 aprile Luned\u00ec 22 aprile Gioved\u00ec 25 aprile Venerd\u00ec 26 aprile (*) Sabato 27 aprile Mercoled\u00ec 1\u00b0 maggio (*) Ad esclusione delle sedi Caf Cisl<\/p>\n","protected":false},"author":5,"featured_media":1402,"comment_status":"closed","ping_status":"open","sticky":false,"template":"","format":"standard","meta":{"footnotes":""},"categories":[1],"tags":[340],"class_list":{"0":"post-4832","1":"post","2":"type-post","3":"status-publish","4":"format-standard","5":"has-post-thumbnail","7":"category-notizie","8":"tag-sedi","9":"czr-hentry"},"_links":{"self":[{"href":"https:\/\/www.monzalecco.lombardia.cisl.it\/index.php?rest_route=\/wp\/v2\/posts\/4832","targetHints":{"allow":["GET"]}}],"collection":[{"href":"https:\/\/www.monzalecco.lombardia.cisl.it\/index.php?rest_route=\/wp\/v2\/posts"}],"about":[{"href":"https:\/\/www.monzalecco.lombardia.cisl.it\/index.php?rest_route=\/wp\/v2\/types\/post"}],"author":[{"embeddable":true,"href":"https:\/\/www.monzalecco.lombardia.cisl.it\/index.php?rest_route=\/wp\/v2\/users\/5"}],"replies":[{"embeddable":true,"href":"https:\/\/www.monzalecco.lombardia.cisl.it\/index.php?rest_route=%2Fwp%2Fv2%2Fcomments&post=4832"}],"version-history":[{"count":2,"href":"https:\/\/www.monzalecco.lombardia.cisl.it\/index.php?rest_route=\/wp\/v2\/posts\/4832\/revisions"}],"predecessor-version":[{"id":4834,"href":"https:\/\/www.monzalecco.lombardia.cisl.it\/index.php?rest_route=\/wp\/v2\/posts\/4832\/revisions\/4834"}],"wp:featuredmedia":[{"embeddable":true,"href":"https:\/\/www.monzalecco.lombardia.cisl.it\/index.php?rest_route=\/wp\/v2\/media\/1402"}],"wp:attachment":[{"href":"https:\/\/www.monzalecco.lombardia.cisl.it\/index.php?rest_route=%2Fwp%2Fv2%2Fmedia&parent=4832"}],"wp:term":[{"taxonomy":"category","embeddable":true,"href":"https:\/\/www.monzalecco.lombardia.cisl.it\/index.php?rest_route=%2Fwp%2Fv2%2Fcategories&post=4832"},{"taxonomy":"post_tag","embeddable":true,"href":"https:\/\/www.monzalecco.lombardia.cisl.it\/index.php?rest_route=%2Fwp%2Fv2%2Ftags&post=4832"}],"curies":[{"name":"wp","href":"https:\/\/api.w.org\/{rel}","templated":true}]}}