{"id":4859,"date":"2019-04-23T11:30:40","date_gmt":"2019-04-23T09:30:40","guid":{"rendered":"http:\/\/www.monzalecco.lombardia.cisl.it\/?p=4859"},"modified":"2019-04-23T11:30:40","modified_gmt":"2019-04-23T09:30:40","slug":"bonus-badanti-la-regione-si-muova","status":"publish","type":"post","link":"https:\/\/www.monzalecco.lombardia.cisl.it\/?p=4859","title":{"rendered":"\u00abBonus badanti, la Regione si muova\u00bb"},"content":{"rendered":"<p>\u00c8 necessario dar vita ai registri degli assistenti famigliari e agli sportelli informativi per l\u2019assistenza famigliare. Lo chiedono Cgil, Cisl, Uil, insieme a Spi Cgil, Fnp Cisl e Uilp Uil di Monza Brianza e Lecco. \u00ab\u00c8 indispensabile \u2013 scivono i rappresentanti delle organizzazioni sindacali \u2013 attuare la legge regionale n. 15\/2015. La nostra non \u00e8 una richiesta fine a se stessa, ma nasce dopo la pubblicazione del Ddg n. 4597\/2019 che, oltre a stabilire le modalit\u00e0 per il potenziamento degli sportelli informativi e dei registri territoriali, istituisce il bonus assistenti famigliari che prevede, tra i requisiti di accesso, che l\u2019assistente famigliare sia iscritto all\u2019apposito registro territoriale\u00bb.<\/p>\n<p>Ma che cos\u2019\u00e8 questo bonus assistenti famigliari? Si tratta di una misura che Regione Lombardia ha istituito per fornire un aiuto alle persone che hanno assunto regolarmente un assistente familiare (badante) per accudire una persona non autosufficiente.<\/p>\n<p>I requisiti sono stringenti. Il datore di lavoro (che pu\u00f2 anche non coincidere con l\u2019assistito) deve essere in possesso di Isee uguale o inferiore a 25mila euro; un contratto di assunzione dell\u2019assistente familiare; residenza in Lombardia da almeno 5 anni.<\/p>\n<p>La domanda deve essere presentata direttamente dal datore di lavoro (esclusivamente in forma telematica\/online) all\u2019indirizzo internet: <a href=\"http:\/\/www.bandi.servizirl.it\">www.bandi.servizirl.it<\/a><\/p>\n<p>Se si tratta del primo accesso, prima di presentare la domanda, il soggetto richiedente deve registrarsi al portale (con Spid, Carta nazionale dei servizi o con user-id) e, una volta registrato, dovr\u00e0 attendere la validazione, che potr\u00e0 richiedere fino a 16 ore lavorative.<\/p>\n<p>Le domande saranno valutate in ordine di presentazione, a parit\u00e0 dei requisiti di ammissibilit\u00e0 e la misura sar\u00e0 erogata fino a esaurimento risorse. Per maggiori informazioni \u00e8 possibile rivolgersi alle sedi Fnp Csl territoriali o visitare il sito dedicato di Regione Lombardia (cillca <a href=\"http:\/\/www.regione.lombardia.it\/wps\/portal\/istituzionale\/HP\/DettaglioBando\/servizi-e-informazioni\/cittadini\/persone-casa-famiglia\/famiglia-e-minori\/bonus-assistenti-familiari\/bonus-assistenti-familiari\">qui<\/a>)<\/p>\n","protected":false},"excerpt":{"rendered":"<p>\u00c8 necessario dar vita ai registri degli assistenti famigliari e agli sportelli informativi per l\u2019assistenza famigliare. Lo chiedono Cgil, Cisl, Uil, insieme a Spi Cgil, Fnp Cisl e Uilp Uil di Monza Brianza e Lecco. \u00ab\u00c8 indispensabile \u2013 scivono i rappresentanti delle organizzazioni sindacali \u2013 attuare la legge regionale n. 15\/2015. La nostra non \u00e8 [&hellip;]<\/p>\n","protected":false},"author":5,"featured_media":4860,"comment_status":"closed","ping_status":"open","sticky":false,"template":"","format":"standard","meta":{"footnotes":""},"categories":[1],"tags":[342,97],"class_list":{"0":"post-4859","1":"post","2":"type-post","3":"status-publish","4":"format-standard","5":"has-post-thumbnail","7":"category-notizie","8":"tag-badanti","9":"tag-fnp","10":"czr-hentry"},"_links":{"self":[{"href":"https:\/\/www.monzalecco.lombardia.cisl.it\/index.php?rest_route=\/wp\/v2\/posts\/4859","targetHints":{"allow":["GET"]}}],"collection":[{"href":"https:\/\/www.monzalecco.lombardia.cisl.it\/index.php?rest_route=\/wp\/v2\/posts"}],"about":[{"href":"https:\/\/www.monzalecco.lombardia.cisl.it\/index.php?rest_route=\/wp\/v2\/types\/post"}],"author":[{"embeddable":true,"href":"https:\/\/www.monzalecco.lombardia.cisl.it\/index.php?rest_route=\/wp\/v2\/users\/5"}],"replies":[{"embeddable":true,"href":"https:\/\/www.monzalecco.lombardia.cisl.it\/index.php?rest_route=%2Fwp%2Fv2%2Fcomments&post=4859"}],"version-history":[{"count":1,"href":"https:\/\/www.monzalecco.lombardia.cisl.it\/index.php?rest_route=\/wp\/v2\/posts\/4859\/revisions"}],"predecessor-version":[{"id":4861,"href":"https:\/\/www.monzalecco.lombardia.cisl.it\/index.php?rest_route=\/wp\/v2\/posts\/4859\/revisions\/4861"}],"wp:featuredmedia":[{"embeddable":true,"href":"https:\/\/www.monzalecco.lombardia.cisl.it\/index.php?rest_route=\/wp\/v2\/media\/4860"}],"wp:attachment":[{"href":"https:\/\/www.monzalecco.lombardia.cisl.it\/index.php?rest_route=%2Fwp%2Fv2%2Fmedia&parent=4859"}],"wp:term":[{"taxonomy":"category","embeddable":true,"href":"https:\/\/www.monzalecco.lombardia.cisl.it\/index.php?rest_route=%2Fwp%2Fv2%2Fcategories&post=4859"},{"taxonomy":"post_tag","embeddable":true,"href":"https:\/\/www.monzalecco.lombardia.cisl.it\/index.php?rest_route=%2Fwp%2Fv2%2Ftags&post=4859"}],"curies":[{"name":"wp","href":"https:\/\/api.w.org\/{rel}","templated":true}]}}