{"id":4864,"date":"2019-04-24T16:14:40","date_gmt":"2019-04-24T14:14:40","guid":{"rendered":"http:\/\/www.monzalecco.lombardia.cisl.it\/?p=4864"},"modified":"2019-04-24T16:14:40","modified_gmt":"2019-04-24T14:14:40","slug":"scuola-17-maggio-sciopero-sospeso","status":"publish","type":"post","link":"https:\/\/www.monzalecco.lombardia.cisl.it\/?p=4864","title":{"rendered":"Scuola, 17 maggio sciopero sospeso"},"content":{"rendered":"<p>Scuola, le organizzazioni sindacali maggiormente rappresentative hanno firmato questa notte un\u2019intesa con il premier Giuseppe Conte, e con il ministro dell\u2019Istruzione Marco Bussetti.\u00a0Lo sciopero che era stato indetto per il 17 maggio \u00e8 quindi sospeso, mentre sono confermate tutte le attivit\u00e0 di raccolta delle firme a contrasto dei progetti di regionalizzazione del sistema dell\u2019istruzione.<\/p>\n<p>Nel merito, il testo mira a garantire identit\u00e0 e unit\u00e0 culturale del Paese, anche attraverso l\u2019unitariet\u00e0 dello stato giuridico del personale, il valore nazionale dei contratti, un sistema nazionale di reclutamento del personale e le regole per il governo delle scuole autonome.<\/p>\n<p>Per quanto riguarda il rinnovo del contratto nazionale, il governo si \u00e8 impegnato a stanziare risorse per il triennio 2019-21 per recuperare la perdita del potere d\u2019acquisto degli stipendi dell\u2019intero comparto. Entro il triennio di vigenza contrattuale saranno inoltre reperite ulteriori risorse destinate al personale della scuola per allineare gradualmente gli stipendi alla media di quelli degli altri Paesi europei.<\/p>\n<p>Sul versante del contrasto alla precariet\u00e0, il governo si impegna ad attivare un piano di stabilizzazione del personale non di ruolo, con particolare attenzione ai docenti precari con tre anni di servizio, riconoscendone l\u2019esperienza in tal modo maturata all\u2019interno di un percorso riservato finalizzato alla immissione in ruolo, la cui definizione che sar\u00e0 oggetto di discussione in sede di confronto tecnico. Un significativo passaggio dell\u2019intesa riguarda la valorizzazione del personale Ata attraverso il riavvio della mobilit\u00e0 professionale a partire dagli assistenti amministrativi facenti funzione di Dsga.<\/p>\n<p>Per i dirigenti scolastici, di cui l\u2019intesa prevede il pieno riconoscimento del ruolo e delle connesse responsabilit\u00e0, si conviene l\u2019attivazione di un tavolo specifico che affronti le principali criticit\u00e0 denunciate in occasione della indizione dello sciopero.<\/p>\n<p>\u00abAssumendo l\u2019obiettivo di un forte rilancio dei settori della conoscenza come opportunit\u00e0 di crescita per lo sviluppo del Paese \u2013 spiegano i responsabili di Cisl Scuola -, l\u2019intesa prevede per Universit\u00e0 e Ricerca l\u2019impegno del Governo a promuovere un intervento normativo per consentire maggiore flessibilit\u00e0 nell\u2019utilizzo e nella determinazione dei fondi del salario accessorio. Per quanto attiene l\u2019Afam, si conviene di confermare e accelerare il processo di statizzazione gi\u00e0 avviato. Previste inoltre azioni del governo volte al completamento del processo di stabilizzazione del personale precario degli enti di ricerca, un piano di stabilizzazione per iI personale che svolge attivit\u00e0 di ricerca e didattica, nonch\u00e9 di assistenza tecnica e amministrativa, nelle Universit\u00e0\u00bb.<\/p>\n","protected":false},"excerpt":{"rendered":"<p>Scuola, le organizzazioni sindacali maggiormente rappresentative hanno firmato questa notte un\u2019intesa con il premier Giuseppe Conte, e con il ministro dell\u2019Istruzione Marco Bussetti.\u00a0Lo sciopero che era stato indetto per il 17 maggio \u00e8 quindi sospeso, mentre sono confermate tutte le attivit\u00e0 di raccolta delle firme a contrasto dei progetti di regionalizzazione del sistema dell\u2019istruzione. Nel [&hellip;]<\/p>\n","protected":false},"author":5,"featured_media":4865,"comment_status":"closed","ping_status":"open","sticky":false,"template":"","format":"standard","meta":{"footnotes":""},"categories":[1],"tags":[343,298],"class_list":{"0":"post-4864","1":"post","2":"type-post","3":"status-publish","4":"format-standard","5":"has-post-thumbnail","7":"category-notizie","8":"tag-cisl-scuola","9":"tag-scuola","10":"czr-hentry"},"_links":{"self":[{"href":"https:\/\/www.monzalecco.lombardia.cisl.it\/index.php?rest_route=\/wp\/v2\/posts\/4864","targetHints":{"allow":["GET"]}}],"collection":[{"href":"https:\/\/www.monzalecco.lombardia.cisl.it\/index.php?rest_route=\/wp\/v2\/posts"}],"about":[{"href":"https:\/\/www.monzalecco.lombardia.cisl.it\/index.php?rest_route=\/wp\/v2\/types\/post"}],"author":[{"embeddable":true,"href":"https:\/\/www.monzalecco.lombardia.cisl.it\/index.php?rest_route=\/wp\/v2\/users\/5"}],"replies":[{"embeddable":true,"href":"https:\/\/www.monzalecco.lombardia.cisl.it\/index.php?rest_route=%2Fwp%2Fv2%2Fcomments&post=4864"}],"version-history":[{"count":1,"href":"https:\/\/www.monzalecco.lombardia.cisl.it\/index.php?rest_route=\/wp\/v2\/posts\/4864\/revisions"}],"predecessor-version":[{"id":4866,"href":"https:\/\/www.monzalecco.lombardia.cisl.it\/index.php?rest_route=\/wp\/v2\/posts\/4864\/revisions\/4866"}],"wp:featuredmedia":[{"embeddable":true,"href":"https:\/\/www.monzalecco.lombardia.cisl.it\/index.php?rest_route=\/wp\/v2\/media\/4865"}],"wp:attachment":[{"href":"https:\/\/www.monzalecco.lombardia.cisl.it\/index.php?rest_route=%2Fwp%2Fv2%2Fmedia&parent=4864"}],"wp:term":[{"taxonomy":"category","embeddable":true,"href":"https:\/\/www.monzalecco.lombardia.cisl.it\/index.php?rest_route=%2Fwp%2Fv2%2Fcategories&post=4864"},{"taxonomy":"post_tag","embeddable":true,"href":"https:\/\/www.monzalecco.lombardia.cisl.it\/index.php?rest_route=%2Fwp%2Fv2%2Ftags&post=4864"}],"curies":[{"name":"wp","href":"https:\/\/api.w.org\/{rel}","templated":true}]}}