{"id":4903,"date":"2019-05-02T15:44:29","date_gmt":"2019-05-02T13:44:29","guid":{"rendered":"http:\/\/www.monzalecco.lombardia.cisl.it\/?p=4903"},"modified":"2019-05-02T15:50:45","modified_gmt":"2019-05-02T13:50:45","slug":"1-maggio-rita-pavan-piu-sicurezza","status":"publish","type":"post","link":"https:\/\/www.monzalecco.lombardia.cisl.it\/?p=4903","title":{"rendered":"1\u00b0 maggio, Rita Pavan: \u00abPi\u00f9 sicurezza\u00bb"},"content":{"rendered":"<p>Ancora una volta la celebrazione della Festa del lavoro a Monza diventa occasione per ribadire come manchi la sicurezza sui luoghi di lavoro. In tutto il territorio nazionale come in Brianza e il Lecchese. Una realt\u00e0 emersa in maniera drammatica nelle scorse settimane da altre cinque vittime di incidenti lavorativi.<\/p>\n<p>Di isole felici, qui, non ce sono. Servirebbero pi\u00f9 controlli e ispezioni. Servirebbero, appunto. Perch\u00e9, di fronte a decine di migliaia di imprese, nelle province di Monza e Lecco ogni anno i controlli che verifichino l\u2019effettiva applicazione delle norme antinfortunistiche, si limitano a qualche centinaio. Questa emergenza continua ha caratterizzato la manifestazione del Primo maggio: Cgil Cisl Uil si sono ritrovati nuovamente sia a Monza sia a Lecco per un appuntamento che ha anche costituito parte di un percorso di mobilitazione e sensibilizzazione. Perch\u00e9 \u00e8 inutile cercare di giustificare le morti sul lavoro con fattori come fatalit\u00e0 e imponderabilit\u00e0.<\/p>\n<p>Lo ha evidenziato nel suo intervento Rita Pavano, la segretaria Cisl Monza Brianza Lecco, che ha tenuto un intervento a nome di Cgil, Cisl e Uil. \u00abTre parole, lavoro, diritti, Stato sociale e l\u2019Europa, la nostra Europa \u2013 ha sottolineato Rita Pavan -, a cui \u00e8 dedicato il Primo Maggio in tutta Italia, sono l\u2019essenza del nostro agire quotidiano. In questo territorio abbiamo deciso di aggiungerne una, la pi\u00f9 importante di tutte: sicurezza\u00bb.<\/p>\n<p>\u00abLavoro e sicurezza \u2013 ha aggiunto la responsabile Cisl Monza Brianza Lecco \u2013 devono stare insieme, senza l\u2019uno non pu\u00f2 esserci l\u2019altra. Meno infortuni e zero morti sono il nostro obiettivo. Perch\u00e9 nel 2019 non si pu\u00f2 pensare di uscire di casa la mattina per andare a lavorare e non farvi pi\u00f9 ritorno. Un lavoro pi\u00f9 sicuro \u00e8 per noi la precondizione per parlare di lavoro\u00bb.<\/p>\n<p>E di un mondo del lavoro sempre pi\u00f9 difficile hanno parlato a Monza anche Said Samir, Dennis Marelli e Antonio Varrella, intervenuti rispettivamente in rappresentanza di Cgil, Cisl e Uil. Ma la Festa del Primo Maggio ha fornito anche l\u2019opportunit\u00e0 per ribadire come spesso il lavoro manchi a troppe persone o sia solo precario.<\/p>\n<p>Rita Pavan ha evidenziato pure la necessit\u00e0 di una lotta senza quartiere all\u2019illegalit\u00e0 (\u00abil nostro territorio non \u00e8 purtroppo esente dalle mafie\u00bb) e all\u2019evasione fiscale, uno scandalo da 120 miliardi di euro ogni anno. E diventa comunque illusorio pensare che la soluzione dei nostri problemi sia nella fuga nell\u2019isolazionismo e nell\u2019esaltazione del nazionalismo.<\/p>\n<p>Anzi. \u00abSenza Europa \u2013 ha specificato Rita Pavan \u2013 non staremmo affatto meglio. In un contesto di competizione internazionale l\u2019Italia, come ogni singolo Paese, pu\u00f2 fare da sola davvero poco. Questo non significa che l\u2019Europa vada tutta bene cos\u00ec com\u2019\u00e8: \u00e8 indispensabile cambiare, dobbiamo costruire una nuova Europa della solidariet\u00e0, con politiche economiche al servizio delle persone e non il contrario\u00bb.<\/p>\n<p>&nbsp;<\/p>\n<p><a href=\"http:\/\/www.monzalecco.lombardia.cisl.it\/wp-content\/uploads\/2019\/05\/1-maggio-2019_InterventoRitaPavan_CgilCislUil.pdf\">Scarica l&#8217;intervento completo di Rita Pavan, segretaria CISL Monza Brianza Lecco tenuto in occasione del 1\u00b0 maggio a nome di Cgil, Cisl e Uil<\/a><\/p>\n<p>&nbsp;<\/p>\n<div id='gallery-1' class='czr-gallery row flex-row czr-gallery-style gallery galleryid-4903 gallery-columns-3 gallery-size-thumbnail'><figure class='gallery-item col col-auto'>\r\n                        <div class='gallery-icon portrait czr-gallery-icon'>\r\n                              <a href=https:\/\/www.monzalecco.lombardia.cisl.it\/?attachment_id=4932 class=\"bg-link\"><\/a><img loading=\"lazy\" decoding=\"async\" width=\"150\" height=\"150\" src=\"https:\/\/www.monzalecco.lombardia.cisl.it\/wp-content\/uploads\/2019\/05\/IMG_2352-150x150.jpg\" class=\"attachment-thumbnail size-thumbnail\" alt=\"\" sizes=\"auto, (min-width: 1200px) 255px, (min-width: 992px) 210px, (min-width: 576px) 150px, calc( 50vw - 30px )\" aria-describedby=\"gallery-1-4932\" srcset=\"https:\/\/www.monzalecco.lombardia.cisl.it\/wp-content\/uploads\/2019\/05\/IMG_2352-150x150.jpg 150w, https:\/\/www.monzalecco.lombardia.cisl.it\/wp-content\/uploads\/2019\/05\/IMG_2352-510x510.jpg 510w\" \/><div class=\"post-action btn btn-skin-dark-shaded inverted\"><a href=\"https:\/\/www.monzalecco.lombardia.cisl.it\/wp-content\/uploads\/2019\/05\/IMG_2352.jpg\" class=\"icn-expand\" data-lb-type=\"grouped-gallery\" title=\"1\u00b0 maggio Lecco Rita Pavan\"><\/a><\/div>\r\n                        <\/div>\r\n                              <figcaption class='wp-caption-text gallery-caption' id='gallery-1-4932'>\r\n                              1\u00b0 maggio Lecco Rita Pavan\r\n                              <\/figcaption><\/figure><figure class='gallery-item col col-auto'>\r\n                        <div class='gallery-icon landscape czr-gallery-icon'>\r\n                              <a href=https:\/\/www.monzalecco.lombardia.cisl.it\/?attachment_id=4908 class=\"bg-link\"><\/a><img loading=\"lazy\" decoding=\"async\" width=\"150\" height=\"150\" src=\"https:\/\/www.monzalecco.lombardia.cisl.it\/wp-content\/uploads\/2019\/05\/IMG_2297-150x150.jpg\" class=\"attachment-thumbnail size-thumbnail\" alt=\"\" sizes=\"auto, (min-width: 1200px) 255px, (min-width: 992px) 210px, (min-width: 576px) 150px, calc( 50vw - 30px )\" aria-describedby=\"gallery-1-4908\" srcset=\"https:\/\/www.monzalecco.lombardia.cisl.it\/wp-content\/uploads\/2019\/05\/IMG_2297-150x150.jpg 150w, https:\/\/www.monzalecco.lombardia.cisl.it\/wp-content\/uploads\/2019\/05\/IMG_2297-510x510.jpg 510w\" \/><div class=\"post-action btn btn-skin-dark-shaded inverted\"><a href=\"https:\/\/www.monzalecco.lombardia.cisl.it\/wp-content\/uploads\/2019\/05\/IMG_2297.jpg\" class=\"icn-expand\" data-lb-type=\"grouped-gallery\" title=\"Da destra, la segretaria Cisl Monza Brianza Lecco Rita Pavan, la segretaria Cgil Monza Brianza, Angela Mondellini, il segretario Uil Monza Brianza, Abele Parente\"><\/a><\/div>\r\n                        <\/div>\r\n                              <figcaption class='wp-caption-text gallery-caption' id='gallery-1-4908'>\r\n                              Da destra, la segretaria Cisl Monza Brianza Lecco Rita Pavan, la segretaria Cgil Monza Brianza, Angela Mondellini, il segretario Uil Monza Brianza, Abele Parente\r\n                              <\/figcaption><\/figure><figure class='gallery-item col col-auto'>\r\n                        <div class='gallery-icon landscape czr-gallery-icon'>\r\n                              <a href=https:\/\/www.monzalecco.lombardia.cisl.it\/?attachment_id=4909 class=\"bg-link\"><\/a><img loading=\"lazy\" decoding=\"async\" width=\"150\" height=\"150\" src=\"https:\/\/www.monzalecco.lombardia.cisl.it\/wp-content\/uploads\/2019\/05\/IMG_2298-150x150.jpg\" class=\"attachment-thumbnail size-thumbnail\" alt=\"\" sizes=\"auto, (min-width: 1200px) 255px, (min-width: 992px) 210px, (min-width: 576px) 150px, calc( 50vw - 30px )\" aria-describedby=\"gallery-1-4908\" srcset=\"https:\/\/www.monzalecco.lombardia.cisl.it\/wp-content\/uploads\/2019\/05\/IMG_2298-150x150.jpg 150w, https:\/\/www.monzalecco.lombardia.cisl.it\/wp-content\/uploads\/2019\/05\/IMG_2298-510x510.jpg 510w\" \/><div class=\"post-action btn btn-skin-dark-shaded inverted\"><a href=\"https:\/\/www.monzalecco.lombardia.cisl.it\/wp-content\/uploads\/2019\/05\/IMG_2298.jpg\" class=\"icn-expand\" data-lb-type=\"grouped-gallery\"><\/a><\/div>\r\n                        <\/div><\/figure><figure class='gallery-item col col-auto'>\r\n                        <div class='gallery-icon landscape czr-gallery-icon'>\r\n                              <a href=https:\/\/www.monzalecco.lombardia.cisl.it\/?attachment_id=4912 class=\"bg-link\"><\/a><img loading=\"lazy\" decoding=\"async\" width=\"150\" height=\"150\" src=\"https:\/\/www.monzalecco.lombardia.cisl.it\/wp-content\/uploads\/2019\/05\/IMG_2304-150x150.jpg\" class=\"attachment-thumbnail size-thumbnail\" alt=\"\" sizes=\"auto, (min-width: 1200px) 255px, (min-width: 992px) 210px, (min-width: 576px) 150px, calc( 50vw - 30px )\" aria-describedby=\"gallery-1-4908\" srcset=\"https:\/\/www.monzalecco.lombardia.cisl.it\/wp-content\/uploads\/2019\/05\/IMG_2304-150x150.jpg 150w, https:\/\/www.monzalecco.lombardia.cisl.it\/wp-content\/uploads\/2019\/05\/IMG_2304-510x510.jpg 510w\" \/><div class=\"post-action btn btn-skin-dark-shaded inverted\"><a href=\"https:\/\/www.monzalecco.lombardia.cisl.it\/wp-content\/uploads\/2019\/05\/IMG_2304.jpg\" class=\"icn-expand\" data-lb-type=\"grouped-gallery\"><\/a><\/div>\r\n                        <\/div><\/figure><figure class='gallery-item col col-auto'>\r\n                        <div class='gallery-icon landscape czr-gallery-icon'>\r\n                              <a href=https:\/\/www.monzalecco.lombardia.cisl.it\/?attachment_id=4910 class=\"bg-link\"><\/a><img loading=\"lazy\" decoding=\"async\" width=\"150\" height=\"150\" src=\"https:\/\/www.monzalecco.lombardia.cisl.it\/wp-content\/uploads\/2019\/05\/IMG_2300-150x150.jpg\" class=\"attachment-thumbnail size-thumbnail\" alt=\"\" sizes=\"auto, (min-width: 1200px) 255px, (min-width: 992px) 210px, (min-width: 576px) 150px, calc( 50vw - 30px )\" aria-describedby=\"gallery-1-4910\" srcset=\"https:\/\/www.monzalecco.lombardia.cisl.it\/wp-content\/uploads\/2019\/05\/IMG_2300-150x150.jpg 150w, https:\/\/www.monzalecco.lombardia.cisl.it\/wp-content\/uploads\/2019\/05\/IMG_2300-510x510.jpg 510w\" \/><div class=\"post-action btn btn-skin-dark-shaded inverted\"><a href=\"https:\/\/www.monzalecco.lombardia.cisl.it\/wp-content\/uploads\/2019\/05\/IMG_2300.jpg\" class=\"icn-expand\" data-lb-type=\"grouped-gallery\" title=\"1\u00b0 maggio Monza delegati\"><\/a><\/div>\r\n                        <\/div>\r\n                              <figcaption class='wp-caption-text gallery-caption' id='gallery-1-4910'>\r\n                              1\u00b0 maggio Monza delegati\r\n                              <\/figcaption><\/figure><figure class='gallery-item col col-auto'>\r\n                        <div class='gallery-icon landscape czr-gallery-icon'>\r\n                              <a href=https:\/\/www.monzalecco.lombardia.cisl.it\/?attachment_id=4919 class=\"bg-link\"><\/a><img loading=\"lazy\" decoding=\"async\" width=\"150\" height=\"150\" src=\"https:\/\/www.monzalecco.lombardia.cisl.it\/wp-content\/uploads\/2019\/05\/IMG_2316-150x150.jpg\" class=\"attachment-thumbnail size-thumbnail\" alt=\"\" sizes=\"auto, (min-width: 1200px) 255px, (min-width: 992px) 210px, (min-width: 576px) 150px, calc( 50vw - 30px )\" aria-describedby=\"gallery-1-4910\" srcset=\"https:\/\/www.monzalecco.lombardia.cisl.it\/wp-content\/uploads\/2019\/05\/IMG_2316-150x150.jpg 150w, https:\/\/www.monzalecco.lombardia.cisl.it\/wp-content\/uploads\/2019\/05\/IMG_2316-510x510.jpg 510w\" \/><div class=\"post-action btn btn-skin-dark-shaded inverted\"><a href=\"https:\/\/www.monzalecco.lombardia.cisl.it\/wp-content\/uploads\/2019\/05\/IMG_2316.jpg\" class=\"icn-expand\" data-lb-type=\"grouped-gallery\"><\/a><\/div>\r\n                        <\/div><\/figure><figure class='gallery-item col col-auto'>\r\n                        <div class='gallery-icon portrait czr-gallery-icon'>\r\n                              <a href=https:\/\/www.monzalecco.lombardia.cisl.it\/?attachment_id=4928 class=\"bg-link\"><\/a><img loading=\"lazy\" decoding=\"async\" width=\"150\" height=\"150\" src=\"https:\/\/www.monzalecco.lombardia.cisl.it\/wp-content\/uploads\/2019\/05\/IMG_2348-150x150.jpg\" class=\"attachment-thumbnail size-thumbnail\" alt=\"\" sizes=\"auto, (min-width: 1200px) 255px, (min-width: 992px) 210px, (min-width: 576px) 150px, calc( 50vw - 30px )\" aria-describedby=\"gallery-1-4910\" srcset=\"https:\/\/www.monzalecco.lombardia.cisl.it\/wp-content\/uploads\/2019\/05\/IMG_2348-150x150.jpg 150w, https:\/\/www.monzalecco.lombardia.cisl.it\/wp-content\/uploads\/2019\/05\/IMG_2348-510x510.jpg 510w\" \/><div class=\"post-action btn btn-skin-dark-shaded inverted\"><a href=\"https:\/\/www.monzalecco.lombardia.cisl.it\/wp-content\/uploads\/2019\/05\/IMG_2348.jpg\" class=\"icn-expand\" data-lb-type=\"grouped-gallery\"><\/a><\/div>\r\n                        <\/div><\/figure><figure class='gallery-item col col-auto'>\r\n                        <div class='gallery-icon portrait czr-gallery-icon'>\r\n                              <a href=https:\/\/www.monzalecco.lombardia.cisl.it\/?attachment_id=4929 class=\"bg-link\"><\/a><img loading=\"lazy\" decoding=\"async\" width=\"150\" height=\"150\" src=\"https:\/\/www.monzalecco.lombardia.cisl.it\/wp-content\/uploads\/2019\/05\/IMG_2349-150x150.jpg\" class=\"attachment-thumbnail size-thumbnail\" alt=\"\" sizes=\"auto, (min-width: 1200px) 255px, (min-width: 992px) 210px, (min-width: 576px) 150px, calc( 50vw - 30px )\" aria-describedby=\"gallery-1-4910\" srcset=\"https:\/\/www.monzalecco.lombardia.cisl.it\/wp-content\/uploads\/2019\/05\/IMG_2349-150x150.jpg 150w, https:\/\/www.monzalecco.lombardia.cisl.it\/wp-content\/uploads\/2019\/05\/IMG_2349-510x510.jpg 510w\" \/><div class=\"post-action btn btn-skin-dark-shaded inverted\"><a href=\"https:\/\/www.monzalecco.lombardia.cisl.it\/wp-content\/uploads\/2019\/05\/IMG_2349.jpg\" class=\"icn-expand\" data-lb-type=\"grouped-gallery\"><\/a><\/div>\r\n                        <\/div><\/figure><figure class='gallery-item col col-auto'>\r\n                        <div class='gallery-icon landscape czr-gallery-icon'>\r\n                              <a href=https:\/\/www.monzalecco.lombardia.cisl.it\/?attachment_id=4930 class=\"bg-link\"><\/a><img loading=\"lazy\" decoding=\"async\" width=\"150\" height=\"150\" src=\"https:\/\/www.monzalecco.lombardia.cisl.it\/wp-content\/uploads\/2019\/05\/IMG_2350-150x150.jpg\" class=\"attachment-thumbnail size-thumbnail\" alt=\"\" sizes=\"auto, (min-width: 1200px) 255px, (min-width: 992px) 210px, (min-width: 576px) 150px, calc( 50vw - 30px )\" aria-describedby=\"gallery-1-4910\" srcset=\"https:\/\/www.monzalecco.lombardia.cisl.it\/wp-content\/uploads\/2019\/05\/IMG_2350-150x150.jpg 150w, https:\/\/www.monzalecco.lombardia.cisl.it\/wp-content\/uploads\/2019\/05\/IMG_2350-510x510.jpg 510w\" \/><div class=\"post-action btn btn-skin-dark-shaded inverted\"><a href=\"https:\/\/www.monzalecco.lombardia.cisl.it\/wp-content\/uploads\/2019\/05\/IMG_2350.jpg\" class=\"icn-expand\" data-lb-type=\"grouped-gallery\"><\/a><\/div>\r\n                        <\/div><\/figure><figure class='gallery-item col col-auto'>\r\n                        <div class='gallery-icon landscape czr-gallery-icon'>\r\n                              <a href=https:\/\/www.monzalecco.lombardia.cisl.it\/?attachment_id=4931 class=\"bg-link\"><\/a><img loading=\"lazy\" decoding=\"async\" width=\"150\" height=\"150\" src=\"https:\/\/www.monzalecco.lombardia.cisl.it\/wp-content\/uploads\/2019\/05\/IMG_2351-150x150.jpg\" class=\"attachment-thumbnail size-thumbnail\" alt=\"\" sizes=\"auto, (min-width: 1200px) 255px, (min-width: 992px) 210px, (min-width: 576px) 150px, calc( 50vw - 30px )\" aria-describedby=\"gallery-1-4910\" srcset=\"https:\/\/www.monzalecco.lombardia.cisl.it\/wp-content\/uploads\/2019\/05\/IMG_2351-150x150.jpg 150w, https:\/\/www.monzalecco.lombardia.cisl.it\/wp-content\/uploads\/2019\/05\/IMG_2351-510x510.jpg 510w\" \/><div class=\"post-action btn btn-skin-dark-shaded inverted\"><a href=\"https:\/\/www.monzalecco.lombardia.cisl.it\/wp-content\/uploads\/2019\/05\/IMG_2351.jpg\" class=\"icn-expand\" data-lb-type=\"grouped-gallery\"><\/a><\/div>\r\n                        <\/div><\/figure>\r\n                  <\/div>\n\n","protected":false},"excerpt":{"rendered":"<p>Ancora una volta la celebrazione della Festa del lavoro a Monza diventa occasione per ribadire come manchi la sicurezza sui luoghi di lavoro. In tutto il territorio nazionale come in Brianza e il Lecchese. Una realt\u00e0 emersa in maniera drammatica nelle scorse settimane da altre cinque vittime di incidenti lavorativi. Di isole felici, qui, non [&hellip;]<\/p>\n","protected":false},"author":5,"featured_media":4936,"comment_status":"closed","ping_status":"open","sticky":false,"template":"","format":"standard","meta":{"footnotes":""},"categories":[1],"tags":[347,176,348],"class_list":{"0":"post-4903","1":"post","2":"type-post","3":"status-publish","4":"format-standard","5":"has-post-thumbnail","7":"category-notizie","8":"tag-1-maggio","9":"tag-lavoro","10":"tag-rita-pavan","11":"czr-hentry"},"_links":{"self":[{"href":"https:\/\/www.monzalecco.lombardia.cisl.it\/index.php?rest_route=\/wp\/v2\/posts\/4903","targetHints":{"allow":["GET"]}}],"collection":[{"href":"https:\/\/www.monzalecco.lombardia.cisl.it\/index.php?rest_route=\/wp\/v2\/posts"}],"about":[{"href":"https:\/\/www.monzalecco.lombardia.cisl.it\/index.php?rest_route=\/wp\/v2\/types\/post"}],"author":[{"embeddable":true,"href":"https:\/\/www.monzalecco.lombardia.cisl.it\/index.php?rest_route=\/wp\/v2\/users\/5"}],"replies":[{"embeddable":true,"href":"https:\/\/www.monzalecco.lombardia.cisl.it\/index.php?rest_route=%2Fwp%2Fv2%2Fcomments&post=4903"}],"version-history":[{"count":1,"href":"https:\/\/www.monzalecco.lombardia.cisl.it\/index.php?rest_route=\/wp\/v2\/posts\/4903\/revisions"}],"predecessor-version":[{"id":4934,"href":"https:\/\/www.monzalecco.lombardia.cisl.it\/index.php?rest_route=\/wp\/v2\/posts\/4903\/revisions\/4934"}],"wp:featuredmedia":[{"embeddable":true,"href":"https:\/\/www.monzalecco.lombardia.cisl.it\/index.php?rest_route=\/wp\/v2\/media\/4936"}],"wp:attachment":[{"href":"https:\/\/www.monzalecco.lombardia.cisl.it\/index.php?rest_route=%2Fwp%2Fv2%2Fmedia&parent=4903"}],"wp:term":[{"taxonomy":"category","embeddable":true,"href":"https:\/\/www.monzalecco.lombardia.cisl.it\/index.php?rest_route=%2Fwp%2Fv2%2Fcategories&post=4903"},{"taxonomy":"post_tag","embeddable":true,"href":"https:\/\/www.monzalecco.lombardia.cisl.it\/index.php?rest_route=%2Fwp%2Fv2%2Ftags&post=4903"}],"curies":[{"name":"wp","href":"https:\/\/api.w.org\/{rel}","templated":true}]}}