{"id":4969,"date":"2019-05-04T11:20:09","date_gmt":"2019-05-04T09:20:09","guid":{"rendered":"http:\/\/www.monzalecco.lombardia.cisl.it\/?p=4969"},"modified":"2019-05-04T11:20:09","modified_gmt":"2019-05-04T09:20:09","slug":"cordon-accordo-approvato","status":"publish","type":"post","link":"https:\/\/www.monzalecco.lombardia.cisl.it\/?p=4969","title":{"rendered":"Cordon, accordo approvato"},"content":{"rendered":"<p>I lavoratori della Cordon hanno approvato quasi all&#8217;unanimit\u00e0 (117 su 139) <a href=\"http:\/\/www.monzalecco.lombardia.cisl.it\/?p=4847\">l&#8217;intesa sottoscritta da sindacato e direzione il 18 aprile<\/a>. L&#8217;accordo prevede che 122 dei 142 dipendenti ex Linkra Compel siano assunti dalla Cordon stessa e che i venti non assunti tornino in organico alla Linkra Compel. Per questi ultimi si prir\u00e0 un anno di cassa integrazione straordinaria (fino al 16 aprile 2020) e due anni di Naspi.<\/p>\n<p>\u00abNei prossimi giorni &#8211; spiega Gabriele Fiore, Fim Cisl Mbl -, i lavoratori firmeranno individualmente l&#8217;intesa. Sar\u00e0 poi l&#8217;azienda a stilare la lista dei venti dipendenti che torneranno alla vecchia societ\u00e0. L&#8217;accordo per\u00f2 prevede che se nei prossimi 24 mesi Cordon assumer\u00e0 nuovo personale dovr\u00e0 prioritariamente scegliere tra i venti dipendenti ritornati alla Linkra Compel o tra quelli ancora in forza alla stessa societ\u00e0\u00bb.<\/p>\n","protected":false},"excerpt":{"rendered":"<p>I lavoratori della Cordon hanno approvato quasi all&#8217;unanimit\u00e0 (117 su 139) l&#8217;intesa sottoscritta da sindacato e direzione il 18 aprile. L&#8217;accordo prevede che 122 dei 142 dipendenti ex Linkra Compel siano assunti dalla Cordon stessa e che i venti non assunti tornino in organico alla Linkra Compel. Per questi ultimi si prir\u00e0 un anno di [&hellip;]<\/p>\n","protected":false},"author":5,"featured_media":4970,"comment_status":"closed","ping_status":"open","sticky":false,"template":"","format":"standard","meta":{"footnotes":""},"categories":[1],"tags":[193,327,27,192],"class_list":{"0":"post-4969","1":"post","2":"type-post","3":"status-publish","4":"format-standard","5":"has-post-thumbnail","7":"category-notizie","8":"tag-compel","9":"tag-cordon","10":"tag-fim","11":"tag-linkra","12":"czr-hentry"},"_links":{"self":[{"href":"https:\/\/www.monzalecco.lombardia.cisl.it\/index.php?rest_route=\/wp\/v2\/posts\/4969","targetHints":{"allow":["GET"]}}],"collection":[{"href":"https:\/\/www.monzalecco.lombardia.cisl.it\/index.php?rest_route=\/wp\/v2\/posts"}],"about":[{"href":"https:\/\/www.monzalecco.lombardia.cisl.it\/index.php?rest_route=\/wp\/v2\/types\/post"}],"author":[{"embeddable":true,"href":"https:\/\/www.monzalecco.lombardia.cisl.it\/index.php?rest_route=\/wp\/v2\/users\/5"}],"replies":[{"embeddable":true,"href":"https:\/\/www.monzalecco.lombardia.cisl.it\/index.php?rest_route=%2Fwp%2Fv2%2Fcomments&post=4969"}],"version-history":[{"count":1,"href":"https:\/\/www.monzalecco.lombardia.cisl.it\/index.php?rest_route=\/wp\/v2\/posts\/4969\/revisions"}],"predecessor-version":[{"id":4971,"href":"https:\/\/www.monzalecco.lombardia.cisl.it\/index.php?rest_route=\/wp\/v2\/posts\/4969\/revisions\/4971"}],"wp:featuredmedia":[{"embeddable":true,"href":"https:\/\/www.monzalecco.lombardia.cisl.it\/index.php?rest_route=\/wp\/v2\/media\/4970"}],"wp:attachment":[{"href":"https:\/\/www.monzalecco.lombardia.cisl.it\/index.php?rest_route=%2Fwp%2Fv2%2Fmedia&parent=4969"}],"wp:term":[{"taxonomy":"category","embeddable":true,"href":"https:\/\/www.monzalecco.lombardia.cisl.it\/index.php?rest_route=%2Fwp%2Fv2%2Fcategories&post=4969"},{"taxonomy":"post_tag","embeddable":true,"href":"https:\/\/www.monzalecco.lombardia.cisl.it\/index.php?rest_route=%2Fwp%2Fv2%2Ftags&post=4969"}],"curies":[{"name":"wp","href":"https:\/\/api.w.org\/{rel}","templated":true}]}}