{"id":5009,"date":"2019-05-13T10:02:03","date_gmt":"2019-05-13T08:02:03","guid":{"rendered":"http:\/\/www.monzalecco.lombardia.cisl.it\/?p=5009"},"modified":"2019-05-13T10:08:20","modified_gmt":"2019-05-13T08:08:20","slug":"olginate-unaltra-morte-sul-lavoro","status":"publish","type":"post","link":"https:\/\/www.monzalecco.lombardia.cisl.it\/?p=5009","title":{"rendered":"Olginate, un&#8217;altra morte sul lavoro"},"content":{"rendered":"<p>Un altro incidente mortale sul lavoro nel Lecchese. Sabato, intorno alle ore 12, all\u2019interno dell\u2019azienda di autotrasporti Battazza a\u00a0Olginate, ha perso la vita Daniele Della Bella, 27 anni di Lecco. Secondo quanto appreso \u2013 la dinamica \u00e8 al vaglio delle forze dell\u2019ordine \u2013 il decesso potrebbe essere avvenuto in seguito a una banale caduta.<\/p>\n<p>Il giovane sarebbe inciampato cadendo all\u2019indietro e battendo la testa. Subito nello stabilimento \u00e8 arrivata un\u2019ambulanza dei\u00a0Volontari del Soccorso di Calolzio\u00a0e\u00a0l\u2019automedica, ma tutti i tentativi di salvare la vita al giovane sono risultati vani.<\/p>\n<p>Poco dopo sono subito accorsi i carabinieri e il personale dell\u2019Ats\u00a0che cercheranno di appurare l\u2019esatta dinamica del drammatico incidente.<\/p>\n<p>Daniele Della Bella, lecchese classe 1992, era nipote di Angelo Battazza, negli anni passati titolare dell&#8217;azienda e Presidente Onorario della Calcio Lecco 1912, squadra di cui Della Bella era tifoso.<\/p>\n<p>\u00abIl 2019 \u2013 commenta amara Rita Pavan, segretaria generale Cisl Mbl \u2013 \u00e8 l\u2019<em>annus horribilis<\/em> degli incidenti sul lavoro. Da gennaio hanno perso la vita sette persone nel Lecchese e in Brianza. Quella della sicurezza sui luoghi di lavoro sta diventando un\u2019emergenza. Come sindacato chiediamo che gli enti preposti mettano in campo tutti i mezzi possibili per evitare il ripetersi di simili tragedie. Non si pu\u00f2 pensare di uscire di casa la mattina per andare a lavorare e non farvi pi\u00f9 ritorno. Un lavoro pi\u00f9 sicuro \u00e8 per noi la precondizione per parlare di lavoro\u00bb.<\/p>\n<p>Proprio per attirare l\u2019attenzione su questo dramma, la Cisl, insieme a Cgil e Uil, hanno deciso alcune iniziative unitarie. Dopo il presidio organizzato il 17 aprile davanti alla sede di Regione Lombardia per rivendicare\u00a0pi\u00f9 sicurezza nei luoghi di lavoro e la festa del Primo maggio dedicata alla\u00a0sicurezza negli ambienti lavorativi, si proseguir\u00e0 il 20 maggio con attivo unitario\u00a0dei Rappresentanti dei lavoratori per la sicurezza della Brianza e il 7 giugno con la marcia dei Rls della Brianza.\u00a0L\u2019assemblea unitaria dei Segretari generali e dei delegati alla sicurezza ha anche elaborato una <a href=\"http:\/\/www.monzalecco.lombardia.cisl.it\/wp-content\/uploads\/2019\/04\/piattaforma-unitaria-salute-sicurezza.pdf\">Piattaforma unitaria\u00a0\u00abSicurezza e salute sul lavoro: il lavoro \u00e8 vita\u00bb<\/a>.<\/p>\n<p>\u00abIl sindacato intende essere protagonista di una nuova stagione di sviluppo del territorio \u2013 conclude Rita Pavan -, senza assistere a un nuovo aumento degli infortuni e a una\u00a0diffusione di nuove malattie professionali. In tema di prevenzione, i sindacati ribadiscono come il Decreto Legislativo n. 81\/2008 rappresenti il primo strumento di riferimento, anche se tuttora necessita di diversi decreti attuativi\u00bb.<\/p>\n","protected":false},"excerpt":{"rendered":"<p>Un altro incidente mortale sul lavoro nel Lecchese. Sabato, intorno alle ore 12, all\u2019interno dell\u2019azienda di autotrasporti Battazza a\u00a0Olginate, ha perso la vita Daniele Della Bella, 27 anni di Lecco. Secondo quanto appreso \u2013 la dinamica \u00e8 al vaglio delle forze dell\u2019ordine \u2013 il decesso potrebbe essere avvenuto in seguito a una banale caduta. Il [&hellip;]<\/p>\n","protected":false},"author":5,"featured_media":5010,"comment_status":"closed","ping_status":"open","sticky":false,"template":"","format":"standard","meta":{"footnotes":""},"categories":[1],"tags":[356,306],"class_list":{"0":"post-5009","1":"post","2":"type-post","3":"status-publish","4":"format-standard","5":"has-post-thumbnail","7":"category-notizie","8":"tag-morte-sul-lavoro","9":"tag-olginate","10":"czr-hentry"},"_links":{"self":[{"href":"https:\/\/www.monzalecco.lombardia.cisl.it\/index.php?rest_route=\/wp\/v2\/posts\/5009","targetHints":{"allow":["GET"]}}],"collection":[{"href":"https:\/\/www.monzalecco.lombardia.cisl.it\/index.php?rest_route=\/wp\/v2\/posts"}],"about":[{"href":"https:\/\/www.monzalecco.lombardia.cisl.it\/index.php?rest_route=\/wp\/v2\/types\/post"}],"author":[{"embeddable":true,"href":"https:\/\/www.monzalecco.lombardia.cisl.it\/index.php?rest_route=\/wp\/v2\/users\/5"}],"replies":[{"embeddable":true,"href":"https:\/\/www.monzalecco.lombardia.cisl.it\/index.php?rest_route=%2Fwp%2Fv2%2Fcomments&post=5009"}],"version-history":[{"count":4,"href":"https:\/\/www.monzalecco.lombardia.cisl.it\/index.php?rest_route=\/wp\/v2\/posts\/5009\/revisions"}],"predecessor-version":[{"id":5014,"href":"https:\/\/www.monzalecco.lombardia.cisl.it\/index.php?rest_route=\/wp\/v2\/posts\/5009\/revisions\/5014"}],"wp:featuredmedia":[{"embeddable":true,"href":"https:\/\/www.monzalecco.lombardia.cisl.it\/index.php?rest_route=\/wp\/v2\/media\/5010"}],"wp:attachment":[{"href":"https:\/\/www.monzalecco.lombardia.cisl.it\/index.php?rest_route=%2Fwp%2Fv2%2Fmedia&parent=5009"}],"wp:term":[{"taxonomy":"category","embeddable":true,"href":"https:\/\/www.monzalecco.lombardia.cisl.it\/index.php?rest_route=%2Fwp%2Fv2%2Fcategories&post=5009"},{"taxonomy":"post_tag","embeddable":true,"href":"https:\/\/www.monzalecco.lombardia.cisl.it\/index.php?rest_route=%2Fwp%2Fv2%2Ftags&post=5009"}],"curies":[{"name":"wp","href":"https:\/\/api.w.org\/{rel}","templated":true}]}}