{"id":5031,"date":"2019-05-17T01:44:01","date_gmt":"2019-05-16T23:44:01","guid":{"rendered":"http:\/\/www.monzalecco.lombardia.cisl.it\/?p=5031"},"modified":"2019-05-15T16:03:22","modified_gmt":"2019-05-15T14:03:22","slug":"prodi-un-social-compact-per-leuropa","status":"publish","type":"post","link":"https:\/\/www.monzalecco.lombardia.cisl.it\/?p=5031","title":{"rendered":"Prodi: \u00abUn social compact per l&#8217;Europa\u00bb"},"content":{"rendered":"<p><strong>In vista delle elezioni del 26 maggio per il rinnovo del Parlamento europeo, vi proponiamo una sintesi dell&#8217;intervento di Romano Prodi, ex premier ed ex presidente della Commissione europea,\u00a0in occasione dell&#8217;iniziativa <em>La cultura del lavoro<\/em>\u00a0organizzata da Cgil, Cisl e Uil a Matera il 7 maggio.<\/strong><\/p>\n<p>\u00abIn un momento delicatissimo per l&#8217;Europa, perch\u00e9 i governi nazionali hanno rinunciato da tempo a una redistribuzione della ricchezza, e nella politica mondiale nessuno parla pi\u00f9 di imposte e dei conseguenti servizi, nelle varie campagne elettorali si parla solo di diminuzione delle tasse e in tutto questo aumentano a dismisura le disuguaglianze tra le persone\u00bb. Lo ha detto il 7 maggio, Romano Prodi in apertura della <em>lectio magistralis<\/em> tenuta nella seconda giornata di <em>La nostra Europa, la cultura, il lavoro<\/em>, l&#8217;iniziativa organizzata da Cgil, Cisl e Uil a Matera.<\/p>\n<p>\u00abLa finanziarizzazione dell&#8217;economia ha fatto i resto &#8211; ha continuato il presidente della Fondazione per la collaborazione tra i popoli -. Il ruolo sempre pi\u00f9 importante della finanza rispetto al peso del mondo del lavoro crea ancora pi\u00f9 differenze, perch\u00e9 la finanza \u00e8 mobile e lo sar\u00e0 sempre di pi\u00f9 con il cambiamento tecnologico in corso\u00bb. In tutto questo, \u00abla divisione tra salariati di alto livello e salariati di basso livello continuer\u00e0 a crescere\u00bb.<\/p>\n<p>In Europa si sta, tra l&#8217;altro, diffondendo \u00abun&#8217;accettazione diffusa delle disuguaglianze da parte dell&#8217;opinione pubblica\u00bb. Se 40 anni fa, lo stesso Prodi poteva definire \u00abingiusta una differenza salariale di 20 o 30 volte\u00bb, oggi le differenze di 100 volte \u00abvengono ritenute normali\u00bb.<\/p>\n<p>Questo, a suo giudizio, \u00e8 un problema mondiale, \u00abnon riguarda solo l&#8217;Occidente, e l&#8217;Europa si \u00e8 adeguata\u00bb, mettendo addirittura in discussione \u00abun principio fondamentale come quello del Welfare\u00bb, che rappresenta \u00abil pi\u00f9 grande contributo che l&#8217;Europa ha regalato al mondo\u00bb.<\/p>\n<p>Eppure, \u00abil Welfare \u00e8 la nostra diversit\u00e0, e dobbiamo difenderla\u00bb. Negli ultimi anni \u00ababbiamo visto una crescita occupazione, ma i salari sono assolutamente stagnanti. Gli europei, insomma, lavorano con le tasche vuote\u00bb.<\/p>\n<p>Parlando delle prossime elezioni europee, l&#8217;ex premier ha spiegato che in un&#8217;Italia con un livello salariale pi\u00f9 basso dei tempi pre-crisi, e in cui i ricchi si sono arricchiti ancora di pi\u00f9, i populisti trovano ovviamente terreno fertile, e \u00abnon hanno nemmeno bisogno di fare molta campagna elettorale\u00bb.<\/p>\n<p>\u00c8 questo il quadro con cui si va alle elezioni europee, in cui si registra anche \u00abun calo del supporto del sindacato\u00bb, un problema su cui \u00e8 necessario \u00abriflettere insieme\u00bb.<\/p>\n<p>Per questo, secondo Prodi, \u00abl&#8217;Europa deve cambiare\u00bb, proprio per cambiare questo quadro. \u00abL&#8217;Ue viene accusata di tutti i problemi, ma pu\u00f2 e deve invece essere la soluzione\u00bb. Bisogna per\u00f2 che diventi protagonista della \u00abredistribuzione del reddito\u00bb. Le possibilit\u00e0, a dire il vero, sono poche con gli strumenti attuali, e \u00abservono nuovi mezzi\u00bb. \u00abDobbiamo recuperare i valori fondanti europei &#8211; ha continuato -. La distanza dei cittadini dall&#8217;Unione \u00e8 iniziata quando si \u00e8 fermato il processo fondativo della Costituzione europea\u00bb. I cittadini infatti non possono amare \u00abun&#8217;istituzione che non decide se non su fatti tecnici, come succede oggi\u00bb.<\/p>\n<p>Tutto ci\u00f2 ha cambiato l&#8217;opinione comune di cosa sia l&#8217;Europa,\u00ab\u00ece ha fatto passare l&#8217;idea che \u00e8 meglio che il potere sia nelle mani dei singoli Paesi\u00bb. Nel mondo attuale, per\u00f2, \u00abi singoli Paesi non hanno la forza di competere di fronte ai giganti mondiali. \u00c8 un&#8217;idea del passato, che va superata\u00bb.<\/p>\n<p>Non si pu\u00f2 affrontare il mondo del futuro da soli, \u00abeppure l&#8217;Europa non \u00e8 stata capace di scelte comuni, sia in politica estera che in economia. Cos\u00ec come l&#8217;Italia ha perso il ruolo di collante che ha sempre avuto\u00bb.<\/p>\n<p>Il rinnovamento europeo, quindi, ha bisogno anche del contributo italiano, e un ruolo importante lo hanno i sindacati, la cui unit\u00e0 \u00absarebbe un passo molto importante\u00bb.<\/p>\n<p>Lo stesso vale tutti i corpi intermedi, che \u00abdevono riprendere vita perch\u00e9 hanno una funzione essenziale da opporre ai messaggi individualistici della nuova politica\u00bb. All&#8217;Europa, insomma, serve \u00abun <em>social compact<\/em>, non solo un <em>fiscal compact<\/em>\u00bb.<\/p>\n","protected":false},"excerpt":{"rendered":"<p>In vista delle elezioni del 26 maggio per il rinnovo del Parlamento europeo, vi proponiamo una sintesi dell&#8217;intervento di Romano Prodi, ex premier ed ex presidente della Commissione europea,\u00a0in occasione dell&#8217;iniziativa La cultura del lavoro\u00a0organizzata da Cgil, Cisl e Uil a Matera il 7 maggio. \u00abIn un momento delicatissimo per l&#8217;Europa, perch\u00e9 i governi nazionali [&hellip;]<\/p>\n","protected":false},"author":5,"featured_media":5032,"comment_status":"closed","ping_status":"open","sticky":false,"template":"","format":"standard","meta":{"footnotes":""},"categories":[1],"tags":[297,359],"class_list":{"0":"post-5031","1":"post","2":"type-post","3":"status-publish","4":"format-standard","5":"has-post-thumbnail","7":"category-notizie","8":"tag-europa","9":"tag-romano-prodi","10":"czr-hentry"},"_links":{"self":[{"href":"https:\/\/www.monzalecco.lombardia.cisl.it\/index.php?rest_route=\/wp\/v2\/posts\/5031","targetHints":{"allow":["GET"]}}],"collection":[{"href":"https:\/\/www.monzalecco.lombardia.cisl.it\/index.php?rest_route=\/wp\/v2\/posts"}],"about":[{"href":"https:\/\/www.monzalecco.lombardia.cisl.it\/index.php?rest_route=\/wp\/v2\/types\/post"}],"author":[{"embeddable":true,"href":"https:\/\/www.monzalecco.lombardia.cisl.it\/index.php?rest_route=\/wp\/v2\/users\/5"}],"replies":[{"embeddable":true,"href":"https:\/\/www.monzalecco.lombardia.cisl.it\/index.php?rest_route=%2Fwp%2Fv2%2Fcomments&post=5031"}],"version-history":[{"count":1,"href":"https:\/\/www.monzalecco.lombardia.cisl.it\/index.php?rest_route=\/wp\/v2\/posts\/5031\/revisions"}],"predecessor-version":[{"id":5033,"href":"https:\/\/www.monzalecco.lombardia.cisl.it\/index.php?rest_route=\/wp\/v2\/posts\/5031\/revisions\/5033"}],"wp:featuredmedia":[{"embeddable":true,"href":"https:\/\/www.monzalecco.lombardia.cisl.it\/index.php?rest_route=\/wp\/v2\/media\/5032"}],"wp:attachment":[{"href":"https:\/\/www.monzalecco.lombardia.cisl.it\/index.php?rest_route=%2Fwp%2Fv2%2Fmedia&parent=5031"}],"wp:term":[{"taxonomy":"category","embeddable":true,"href":"https:\/\/www.monzalecco.lombardia.cisl.it\/index.php?rest_route=%2Fwp%2Fv2%2Fcategories&post=5031"},{"taxonomy":"post_tag","embeddable":true,"href":"https:\/\/www.monzalecco.lombardia.cisl.it\/index.php?rest_route=%2Fwp%2Fv2%2Ftags&post=5031"}],"curies":[{"name":"wp","href":"https:\/\/api.w.org\/{rel}","templated":true}]}}