{"id":5034,"date":"2019-05-20T09:05:58","date_gmt":"2019-05-20T07:05:58","guid":{"rendered":"http:\/\/www.monzalecco.lombardia.cisl.it\/?p=5034"},"modified":"2019-05-20T09:05:51","modified_gmt":"2019-05-20T07:05:51","slug":"cottarelli-piu-fondi-allue","status":"publish","type":"post","link":"https:\/\/www.monzalecco.lombardia.cisl.it\/?p=5034","title":{"rendered":"Cottarelli: \u00abPi\u00f9 fondi all&#8217;Ue\u00bb"},"content":{"rendered":"<p><strong>In vista delle elezioni del 26 maggio per il rinnovo del Parlamento europeo, vi proponiamo una sintesi di <a href=\"https:\/\/www.varesenews.it\/2019\/04\/cottarelli-leuropa-ce-ne-vorrebbe-piu\/810981\/\">Varese News<\/a> dell&#8217;intervento di Carlo Cottarelli, economista dell&#8217;Universit\u00e0 Cattolica, tenuto a Varese.<\/strong><\/p>\n<p>Erano circa in 100 persone ad ascoltare l&#8217;economista Carlo Cottarelli nell&#8217;aula magna dell&#8217;universit\u00e0 dell&#8217;Insubria di Varese, ultimo atto del ciclo di incontri <em>Che cosa l&#8217;EUROPA fa per me?\u00a0<\/em>ideato e diretto da Cristina Bellon, giornalista, collaboratrice de <em>La Stampa-Tuttogreen<\/em>, e organizzato da CSA Client &amp; Project Supervisors Association, con il patrocinio dell&#8217;Universit\u00e0 degli Studi Insubria di Varese, della Provincia di Varese, del Comune di Varese, della Camera di Commercio di Varese, della Fondazione Giacomo Ascoli.<\/p>\n<p>Un incontro-dibattito, che &#8211; dopo i saluti del sindaco di Varese &#8211; ha visto protagonisti, oltre a lui, anche Massimo Gaudina, rappresentante della Commissione Europea a Milano, e Luciano Fontana, direttore del <em>Corriere della Sera<\/em>\u00a0che, tra pessimismi e momenti di speranza, ha chiarito il ruolo dell&#8217;Europa, al di l\u00e0 dei luoghi comuni, per lo pi\u00f9 falsi, che circolano negli ultimi anni.<\/p>\n<p>\u00abSi descrive spesso l&#8217;Europa come un posto dove burocrati non eletti decidono sulle nostre teste, ma non \u00e8 vero quasi nulla &#8211; spiega Gaudina &#8211; Innanzitutto, non \u00e8 vero che sono burocrati, tutti i vertici sono politici. Secondo, non \u00e8 vero che non sono eletti: sono proposti dai governi e votati dal parlamento europeo, il che significa che non c&#8217;\u00e8 una votazione diretta ma sono frutto di una legittimazione democratica. Terzo, non \u00e8 vero che decidono: propongono, ma la decisione finale \u00e8 degli Stati\u00bb.<\/p>\n<p>\u00abLa sensazione che l&#8217;Europa sia un enorme e difficoltoso meccanismo burocratico, per certi versi \u00e8 quasi comprensibile &#8211; sottolinea Cottarelli -. In effetti, le regole sui conti pubblici europei sono di una complicazione estrema. Ma sono regole che non sono state volute dai burocrati, ma dai Paesi membri. Sono una prova di equilibrismo tra gli Stati assurda\u00bb.<\/p>\n<p>Ma cosa vorrebbe, Cottarelli, dall&#8217;Europa? \u00abCosa vorrei? Un&#8217;Europa che conta qualcosa nel mondo: tra la potenza americana e quella cinese, l&#8217;Europa rischia di rimanere schiacciata se non diventa forte. E l&#8217;unico sistema per esserlo \u00e8 restare uniti. Capisco: sto facendo un discorso da sovranista, ma da sovranista europeo. Chi fa il sovranista nazionale non sa di essere una formica, nel mondo. E una formica sovranista non va da nessuna parte\u00bb.<\/p>\n<p>Per farlo l&#8217;Europa dovrebbe gestire pi\u00f9 soldi: \u00abIl bilancio dell&#8217;Unione Europea comprende l&#8217;un per cento del Pil del continente. Negli USA il bilancio federale conta invece il 25% del Pil: con cifre del genere lo Stato pu\u00f2 fare molto di pi\u00f9 per i cittadini &#8211; sottolinea Cottarelli -. C&#8217;\u00e8 chi ha calcolato la giusta proporzione che pu\u00f2 essere del 7-8% del Pil oppure del 10% compreso l&#8217;esercito. Un bilancio centrale europeo di dimensione pi\u00f9 grossa potrebbe finalmente rendere visibile l&#8217;Europa per i cittadini, che riceverebbero la loro pensione o il sussidio di disoccupazione dall&#8217;Europa, e avere servizi comuni pi\u00f9 importanti. Ma non ci spero molto al momento\u00bb.<\/p>\n<p>Il percorso, per\u00f2, \u00e8 ancora giovane: \u00abLa Ue ha solo 60 anni, che nei tempi di formazione di uno Stato, non sono molti. Continuando nel percorso intrapreso, abbiamo tutto il tempo per consolidarlo. Anche gli Stati Uniti hanno avuto bisogno di pi\u00f9 tempo\u00bb.<\/p>\n","protected":false},"excerpt":{"rendered":"<p>In vista delle elezioni del 26 maggio per il rinnovo del Parlamento europeo, vi proponiamo una sintesi di Varese News dell&#8217;intervento di Carlo Cottarelli, economista dell&#8217;Universit\u00e0 Cattolica, tenuto a Varese. Erano circa in 100 persone ad ascoltare l&#8217;economista Carlo Cottarelli nell&#8217;aula magna dell&#8217;universit\u00e0 dell&#8217;Insubria di Varese, ultimo atto del ciclo di incontri Che cosa l&#8217;EUROPA [&hellip;]<\/p>\n","protected":false},"author":5,"featured_media":5038,"comment_status":"closed","ping_status":"open","sticky":false,"template":"","format":"standard","meta":{"footnotes":""},"categories":[1],"tags":[360,297],"class_list":{"0":"post-5034","1":"post","2":"type-post","3":"status-publish","4":"format-standard","5":"has-post-thumbnail","7":"category-notizie","8":"tag-carlo-cottarelli","9":"tag-europa","10":"czr-hentry"},"_links":{"self":[{"href":"https:\/\/www.monzalecco.lombardia.cisl.it\/index.php?rest_route=\/wp\/v2\/posts\/5034","targetHints":{"allow":["GET"]}}],"collection":[{"href":"https:\/\/www.monzalecco.lombardia.cisl.it\/index.php?rest_route=\/wp\/v2\/posts"}],"about":[{"href":"https:\/\/www.monzalecco.lombardia.cisl.it\/index.php?rest_route=\/wp\/v2\/types\/post"}],"author":[{"embeddable":true,"href":"https:\/\/www.monzalecco.lombardia.cisl.it\/index.php?rest_route=\/wp\/v2\/users\/5"}],"replies":[{"embeddable":true,"href":"https:\/\/www.monzalecco.lombardia.cisl.it\/index.php?rest_route=%2Fwp%2Fv2%2Fcomments&post=5034"}],"version-history":[{"count":3,"href":"https:\/\/www.monzalecco.lombardia.cisl.it\/index.php?rest_route=\/wp\/v2\/posts\/5034\/revisions"}],"predecessor-version":[{"id":5039,"href":"https:\/\/www.monzalecco.lombardia.cisl.it\/index.php?rest_route=\/wp\/v2\/posts\/5034\/revisions\/5039"}],"wp:featuredmedia":[{"embeddable":true,"href":"https:\/\/www.monzalecco.lombardia.cisl.it\/index.php?rest_route=\/wp\/v2\/media\/5038"}],"wp:attachment":[{"href":"https:\/\/www.monzalecco.lombardia.cisl.it\/index.php?rest_route=%2Fwp%2Fv2%2Fmedia&parent=5034"}],"wp:term":[{"taxonomy":"category","embeddable":true,"href":"https:\/\/www.monzalecco.lombardia.cisl.it\/index.php?rest_route=%2Fwp%2Fv2%2Fcategories&post=5034"},{"taxonomy":"post_tag","embeddable":true,"href":"https:\/\/www.monzalecco.lombardia.cisl.it\/index.php?rest_route=%2Fwp%2Fv2%2Ftags&post=5034"}],"curies":[{"name":"wp","href":"https:\/\/api.w.org\/{rel}","templated":true}]}}