{"id":5066,"date":"2019-05-16T17:19:49","date_gmt":"2019-05-16T15:19:49","guid":{"rendered":"http:\/\/www.monzalecco.lombardia.cisl.it\/?p=5066"},"modified":"2019-05-16T17:25:38","modified_gmt":"2019-05-16T15:25:38","slug":"conad-auchan-cessione-complessa","status":"publish","type":"post","link":"https:\/\/www.monzalecco.lombardia.cisl.it\/?p=5066","title":{"rendered":"Conad-Auchan, cessione complessa"},"content":{"rendered":"<p>Sono un migliaio i lavoratori brianzoli e lecchesi interessati dall\u2019acquisizione di Auchan da parte di Conad. Nelle due province, Auchan ha tre ipermercati e sei supermercati Sma che passeranno tutti al gruppo italiano.<\/p>\n<p>I dipendenti saranno presi in carico da Conad con le stesse qualifiche e retribuzioni e, inizialmente, per loro non cambier\u00e0 nulla. Pi\u00f9 difficile capire quale sar\u00e0 il loro futuro. La politica aziendale di Conad infatti \u00e8 di non controllare direttamente i punti vendita, ma di darli in gestione a terzi. \u00abBisogna valutare che cosa succeder\u00e0 &#8211; spiega Barazzetta -. Vedremo a chi verranno ceduti i punti vendita e come saranno distribuiti i lavoratori. Come sindacato seguiremo con attenzione ogni fase di questa cessione che fa di Conad il principale attore della grande distribuzione nel nostro Paese\u00bb.<\/p>\n<p>Il primo appuntamento \u00e8 per marted\u00ec 28 maggio al ministero del Lavoro. \u00abIn quell\u2019occasione \u2013 conclude Barazzetta \u2013 saranno pi\u00f9 chiari i tempi del passaggio e i piani che la Conad intende mettere in pratica. Va sottolineato che al momento non cambia nulla per i dipendenti e va comunque confermato il pieno sostegno del sindacato ai lavoratori. In tutte le fasi saremo al loro fianco\u00bb.<\/p>\n","protected":false},"excerpt":{"rendered":"<p>Sono un migliaio i lavoratori brianzoli e lecchesi interessati dall\u2019acquisizione di Auchan da parte di Conad. Nelle due province, Auchan ha tre ipermercati e sei supermercati Sma che passeranno tutti al gruppo italiano. I dipendenti saranno presi in carico da Conad con le stesse qualifiche e retribuzioni e, inizialmente, per loro non cambier\u00e0 nulla. Pi\u00f9 [&hellip;]<\/p>\n","protected":false},"author":5,"featured_media":5067,"comment_status":"closed","ping_status":"open","sticky":false,"template":"","format":"standard","meta":{"footnotes":""},"categories":[1],"tags":[365,366],"class_list":{"0":"post-5066","1":"post","2":"type-post","3":"status-publish","4":"format-standard","5":"has-post-thumbnail","7":"category-notizie","8":"tag-auchan","9":"tag-conad","10":"czr-hentry"},"_links":{"self":[{"href":"https:\/\/www.monzalecco.lombardia.cisl.it\/index.php?rest_route=\/wp\/v2\/posts\/5066","targetHints":{"allow":["GET"]}}],"collection":[{"href":"https:\/\/www.monzalecco.lombardia.cisl.it\/index.php?rest_route=\/wp\/v2\/posts"}],"about":[{"href":"https:\/\/www.monzalecco.lombardia.cisl.it\/index.php?rest_route=\/wp\/v2\/types\/post"}],"author":[{"embeddable":true,"href":"https:\/\/www.monzalecco.lombardia.cisl.it\/index.php?rest_route=\/wp\/v2\/users\/5"}],"replies":[{"embeddable":true,"href":"https:\/\/www.monzalecco.lombardia.cisl.it\/index.php?rest_route=%2Fwp%2Fv2%2Fcomments&post=5066"}],"version-history":[{"count":2,"href":"https:\/\/www.monzalecco.lombardia.cisl.it\/index.php?rest_route=\/wp\/v2\/posts\/5066\/revisions"}],"predecessor-version":[{"id":5069,"href":"https:\/\/www.monzalecco.lombardia.cisl.it\/index.php?rest_route=\/wp\/v2\/posts\/5066\/revisions\/5069"}],"wp:featuredmedia":[{"embeddable":true,"href":"https:\/\/www.monzalecco.lombardia.cisl.it\/index.php?rest_route=\/wp\/v2\/media\/5067"}],"wp:attachment":[{"href":"https:\/\/www.monzalecco.lombardia.cisl.it\/index.php?rest_route=%2Fwp%2Fv2%2Fmedia&parent=5066"}],"wp:term":[{"taxonomy":"category","embeddable":true,"href":"https:\/\/www.monzalecco.lombardia.cisl.it\/index.php?rest_route=%2Fwp%2Fv2%2Fcategories&post=5066"},{"taxonomy":"post_tag","embeddable":true,"href":"https:\/\/www.monzalecco.lombardia.cisl.it\/index.php?rest_route=%2Fwp%2Fv2%2Ftags&post=5066"}],"curies":[{"name":"wp","href":"https:\/\/api.w.org\/{rel}","templated":true}]}}