{"id":5118,"date":"2019-05-24T17:23:19","date_gmt":"2019-05-24T15:23:19","guid":{"rendered":"http:\/\/www.monzalecco.lombardia.cisl.it\/?p=5118"},"modified":"2019-05-24T17:23:19","modified_gmt":"2019-05-24T15:23:19","slug":"vismara-avanti-piano","status":"publish","type":"post","link":"https:\/\/www.monzalecco.lombardia.cisl.it\/?p=5118","title":{"rendered":"Vismara, avanti. Piano"},"content":{"rendered":"<p>Alla Vismara di Casatenovo si lavora. La societ\u00e0, travolta dalle difficolt\u00e0 del Gruppo Ferrarini di Reggio Emilia, \u00e8 stata ammessa al concordato preventivo e, a settembre, si terr\u00e0 l\u2019assemblea dei creditori. Nel frattempo l\u2019attivit\u00e0 procede, sebbene a scartamento ridotto.<\/p>\n<p>\u00abSiamo in una fase transitoria &#8211; spiega Enzo Mesagna, segretario generale Fai Cisl Monza Brianza Lecco -. L\u2019azienda sta aspettando che il concordato venga omologato e si prevede che questo passaggio sia in autunno inoltrato (tra ottobre e novembre). Solo a quel punto ci potr\u00e0 essere una svolta\u00bb.<\/p>\n<p>La svolta potrebbe essere rappresentata\u00a0dal definitivo ingresso nell\u2019assetto proprietario della Amadori, colosso del settore agroalimentare italiano e, in particolare, del comparto avicolo. Rappresentanti del gruppo verranno cooptati gi\u00e0 nel consiglio d\u2019amministrazione a giugno.<\/p>\n<p>\u00abSiamo con il fiato sospeso &#8211; conclude Mesagna -. Se la procedura andr\u00e0 in porto, la Vismara potrebbe riprendere a produrre a pieno regime. Ovviamente la nostra speranza \u00e8 questa. Seguiremo passo passo il processo tutelando sempre l\u2019interesse dei lavoratori\u00bb.<\/p>\n","protected":false},"excerpt":{"rendered":"<p>Alla Vismara di Casatenovo si lavora. La societ\u00e0, travolta dalle difficolt\u00e0 del Gruppo Ferrarini di Reggio Emilia, \u00e8 stata ammessa al concordato preventivo e, a settembre, si terr\u00e0 l\u2019assemblea dei creditori. Nel frattempo l\u2019attivit\u00e0 procede, sebbene a scartamento ridotto. \u00abSiamo in una fase transitoria &#8211; spiega Enzo Mesagna, segretario generale Fai Cisl Monza Brianza Lecco [&hellip;]<\/p>\n","protected":false},"author":5,"featured_media":2846,"comment_status":"closed","ping_status":"open","sticky":false,"template":"","format":"standard","meta":{"footnotes":""},"categories":[1],"tags":[165,68,95,84],"class_list":{"0":"post-5118","1":"post","2":"type-post","3":"status-publish","4":"format-standard","5":"has-post-thumbnail","7":"category-notizie","8":"tag-casatenovo","9":"tag-fai","10":"tag-lecco","11":"tag-vismara","12":"czr-hentry"},"_links":{"self":[{"href":"https:\/\/www.monzalecco.lombardia.cisl.it\/index.php?rest_route=\/wp\/v2\/posts\/5118","targetHints":{"allow":["GET"]}}],"collection":[{"href":"https:\/\/www.monzalecco.lombardia.cisl.it\/index.php?rest_route=\/wp\/v2\/posts"}],"about":[{"href":"https:\/\/www.monzalecco.lombardia.cisl.it\/index.php?rest_route=\/wp\/v2\/types\/post"}],"author":[{"embeddable":true,"href":"https:\/\/www.monzalecco.lombardia.cisl.it\/index.php?rest_route=\/wp\/v2\/users\/5"}],"replies":[{"embeddable":true,"href":"https:\/\/www.monzalecco.lombardia.cisl.it\/index.php?rest_route=%2Fwp%2Fv2%2Fcomments&post=5118"}],"version-history":[{"count":1,"href":"https:\/\/www.monzalecco.lombardia.cisl.it\/index.php?rest_route=\/wp\/v2\/posts\/5118\/revisions"}],"predecessor-version":[{"id":5119,"href":"https:\/\/www.monzalecco.lombardia.cisl.it\/index.php?rest_route=\/wp\/v2\/posts\/5118\/revisions\/5119"}],"wp:featuredmedia":[{"embeddable":true,"href":"https:\/\/www.monzalecco.lombardia.cisl.it\/index.php?rest_route=\/wp\/v2\/media\/2846"}],"wp:attachment":[{"href":"https:\/\/www.monzalecco.lombardia.cisl.it\/index.php?rest_route=%2Fwp%2Fv2%2Fmedia&parent=5118"}],"wp:term":[{"taxonomy":"category","embeddable":true,"href":"https:\/\/www.monzalecco.lombardia.cisl.it\/index.php?rest_route=%2Fwp%2Fv2%2Fcategories&post=5118"},{"taxonomy":"post_tag","embeddable":true,"href":"https:\/\/www.monzalecco.lombardia.cisl.it\/index.php?rest_route=%2Fwp%2Fv2%2Ftags&post=5118"}],"curies":[{"name":"wp","href":"https:\/\/api.w.org\/{rel}","templated":true}]}}