{"id":5129,"date":"2019-05-27T09:29:18","date_gmt":"2019-05-27T07:29:18","guid":{"rendered":"http:\/\/www.monzalecco.lombardia.cisl.it\/?p=5129"},"modified":"2019-05-27T09:29:18","modified_gmt":"2019-05-27T07:29:18","slug":"odio-razziale-no-pero","status":"publish","type":"post","link":"https:\/\/www.monzalecco.lombardia.cisl.it\/?p=5129","title":{"rendered":"\u00abOdio razziale? No, per\u00f2&#8230;\u00bb"},"content":{"rendered":"<p>Un ritorno a un drammatico passato fatto di odi razziali e libert\u00e0 negate ora \u00e8 difficilmente immaginabile. Ma \u00e8 comunque possibile fare qualche inquietante parallelismo con i nostri tempi. Se n\u2019\u00e8 parlato in un incontro organizzato dalla Cisl Monza Brianza Lecco, sul tema \u00ab1938-2019 Il diritto contro i diritti\u00bb.<\/p>\n<p>All\u2019appuntamento, ospitato venerd\u00ec mattina dall\u2019Istituto Mapelli di Monza, hanno preso parte anche gli studenti brianzoli che hanno partecipato all\u2019edizione 2019 del viaggio a Auschwitz \u00abIn treno per la memoria\u00bb.<\/p>\n<p>La loro presenza all\u2019incontro non \u00e8 stata ovviamente casuale, cos\u00ec come non lo \u00e8 stato l\u2019intervento di Fabio Isman, giornalista e scrittore, autore del volume \u00ab1938, l\u2019Italia razzista\u00bb. Il libro traccia la storia delle persecuzione degli ebrei in Italia, avviata nel 1938 con la promulgazione delle leggi razziali e conclusa nel 1945 con la Liberazione e la fine della guerra. Ma le conseguenze di quelle norme andarono ben oltre il 25 aprile del 1945.<\/p>\n<p>L\u2019Egeli, l\u2019ente appositamente costituito per la gestione dei beni sottratti agli ebrei, fu cancellato solo nel 1997. E fino al 1962 pretendeva che i proprietari pagassero le spese per la gestione e la miglioria degli stessi beni confiscati. Un paradosso che conferma come la persecuzione degli ebrei fu durissima anche in Italia.<\/p>\n<p>\u00abLe leggi razziali &#8211; precisa Isman &#8211; prevedevano anche che gli ebrei non potessero viaggiare, fare le vacanze e allevare piccioni viaggiatori. Di fronte a questa situazione la gente inizialmente rimase indifferente. Poi cerc\u00f2 anche di approfittarne. E questa storia \u00e8 nata con un censimento. Quando io adesso sento qualcuno che parla di censire una categoria di persone, sento dei brividi lungo la schiena\u00bb.<\/p>\n<p>Il fascismo individu\u00f2 nella popolazione ebraica il nemico. L\u2019individuazione di un nemico va, per\u00f2, accompagnata alla creazione di un clima generale di rabbia e sospetto. Roberto Lusardi, docente di sociologia all\u2019Universit\u00e0 di Bergamo, ha elencato gli ingredienti ideali per la ricetta della paura e dell\u2019odio: abbondanza di pregiudizi, crisi economica quanto basta, disinformazione a piacere, mezzi di comunicazione di massa e social.<\/p>\n<p>\u00abSe dobbiamo affondare il nemico &#8211; spiega Lusardi -, dobbiamo fare leva sui pregiudizi. Ci sono inquietanti analogie con quanto sta accadendo ai nostri giorni. Si costruisce un nemico martellando ed eludendo qualsiasi forma di critica e pensiero divergente. Adesso il nemico \u00e8 lo straniero\u00bb.<\/p>\n<p>\u00abC\u2019\u00e8 chi si muove e cerca di arrivare qui &#8211; spiega il legale Alberto Guariso, componente dell\u2019associazione &#8220;Studi, diritto e lavoro&#8221; -, ma non \u00e8 un\u2019invasione. Per muoversi servono coraggio, voglia e soldi. Adesso non c\u2019\u00e8 pi\u00f9 spazio nemmeno per chi aveva diritto alla protezione umanitaria\u00bb.<\/p>\n<p>\u00abSecondo noi &#8211; conclude Mirco Scaccabarozzi, segretario Cisl Monza Brianza Lecco &#8211; questo \u00e8 il modo giusto per affrontare un tema, soprattutto all\u2019interno di una scuola: nessuna propaganda, ma un confronto serio a sostegno di una tesi\u00bb.<\/p>\n","protected":false},"excerpt":{"rendered":"<p>Un ritorno a un drammatico passato fatto di odi razziali e libert\u00e0 negate ora \u00e8 difficilmente immaginabile. Ma \u00e8 comunque possibile fare qualche inquietante parallelismo con i nostri tempi. Se n\u2019\u00e8 parlato in un incontro organizzato dalla Cisl Monza Brianza Lecco, sul tema \u00ab1938-2019 Il diritto contro i diritti\u00bb. All\u2019appuntamento, ospitato venerd\u00ec mattina dall\u2019Istituto Mapelli [&hellip;]<\/p>\n","protected":false},"author":5,"featured_media":4789,"comment_status":"closed","ping_status":"open","sticky":false,"template":"","format":"standard","meta":{"footnotes":""},"categories":[1],"tags":[31,372,373],"class_list":{"0":"post-5129","1":"post","2":"type-post","3":"status-publish","4":"format-standard","5":"has-post-thumbnail","7":"category-notizie","8":"tag-cisl","9":"tag-incontro","10":"tag-istituto-mapelli","11":"czr-hentry"},"_links":{"self":[{"href":"https:\/\/www.monzalecco.lombardia.cisl.it\/index.php?rest_route=\/wp\/v2\/posts\/5129","targetHints":{"allow":["GET"]}}],"collection":[{"href":"https:\/\/www.monzalecco.lombardia.cisl.it\/index.php?rest_route=\/wp\/v2\/posts"}],"about":[{"href":"https:\/\/www.monzalecco.lombardia.cisl.it\/index.php?rest_route=\/wp\/v2\/types\/post"}],"author":[{"embeddable":true,"href":"https:\/\/www.monzalecco.lombardia.cisl.it\/index.php?rest_route=\/wp\/v2\/users\/5"}],"replies":[{"embeddable":true,"href":"https:\/\/www.monzalecco.lombardia.cisl.it\/index.php?rest_route=%2Fwp%2Fv2%2Fcomments&post=5129"}],"version-history":[{"count":1,"href":"https:\/\/www.monzalecco.lombardia.cisl.it\/index.php?rest_route=\/wp\/v2\/posts\/5129\/revisions"}],"predecessor-version":[{"id":5132,"href":"https:\/\/www.monzalecco.lombardia.cisl.it\/index.php?rest_route=\/wp\/v2\/posts\/5129\/revisions\/5132"}],"wp:featuredmedia":[{"embeddable":true,"href":"https:\/\/www.monzalecco.lombardia.cisl.it\/index.php?rest_route=\/wp\/v2\/media\/4789"}],"wp:attachment":[{"href":"https:\/\/www.monzalecco.lombardia.cisl.it\/index.php?rest_route=%2Fwp%2Fv2%2Fmedia&parent=5129"}],"wp:term":[{"taxonomy":"category","embeddable":true,"href":"https:\/\/www.monzalecco.lombardia.cisl.it\/index.php?rest_route=%2Fwp%2Fv2%2Fcategories&post=5129"},{"taxonomy":"post_tag","embeddable":true,"href":"https:\/\/www.monzalecco.lombardia.cisl.it\/index.php?rest_route=%2Fwp%2Fv2%2Ftags&post=5129"}],"curies":[{"name":"wp","href":"https:\/\/api.w.org\/{rel}","templated":true}]}}