{"id":5148,"date":"2019-05-27T17:31:33","date_gmt":"2019-05-27T15:31:33","guid":{"rendered":"http:\/\/www.monzalecco.lombardia.cisl.it\/?p=5148"},"modified":"2019-05-27T17:31:33","modified_gmt":"2019-05-27T15:31:33","slug":"husqvarna-presidio-contro-la-chiusura","status":"publish","type":"post","link":"https:\/\/www.monzalecco.lombardia.cisl.it\/?p=5148","title":{"rendered":"Husqvarna, presidio contro la chiusura"},"content":{"rendered":"<p>I lavoratori della Husqvarna di Valmadrera, insieme ai rappresentanti di Fim Cisl, Fiom Cgil e Uilm Uil, hanno dichiarato un presidio permanente. In questo modo vogliono contestare la decisione della multinazionale svedese di chiudere i reparti produttivi della fabbrica lecchese mantenendo la sola parte commerciale.<br \/>\nSe la decisione andr\u00e0 in porto, significherebbe la perdita di un\u2019ottantina di posti di lavoro sugli attuali 102. Nelle scorse settimane era stata ventilata la possibilit\u00e0 di un&#8217;acquisizione da parte di terzi, ma su questo fronte non ci sono state novit\u00e0 negli ultimi giorni.<\/p>\n<p>Nella riunione che si \u00e8 tenuta oggi, 27 maggio, i lavoratori e le organizzazioni sindacali hanno deciso di interpellare tutti i tavoli istituzionali a partire dal Comune di Valmadrera per proseguire con la Provincia di Lecco, la Regione Lombardia fino al ministero per lo Sviluppo economico.<\/p>\n<p>\u00abLa gestione di queste situazioni di crisi \u2013 commenta Pieangelo Arnolfi Fim Cisl Mbl \u2013 \u00e8 sempre pi\u00f9 difficile avendo delle condizioni di utilizzo degli ammortizzatori sociali molto ridotte rispetto al passato. La maggior parte dei lavoratori, tra l\u2019altro, ha un\u2019et\u00e0 superiore ai 50 anni, ma non sufficiente per raggiungere la pensione. La loro situazione \u00e8 quindi particolarmente delicata. Come sindacato, faremo tutto il possibile per tutelare la forza lavoro\u00bb.<\/p>\n<p>Il 3 giugno si terr\u00e0 alla Confindustria di Lecco un incontro tra propriet\u00e0 e sindacato. In quella sede si inizier\u00e0 a capire quali siano le possibili strade che imboccher\u00e0 questa crisi.<\/p>\n","protected":false},"excerpt":{"rendered":"<p>I lavoratori della Husqvarna di Valmadrera, insieme ai rappresentanti di Fim Cisl, Fiom Cgil e Uilm Uil, hanno dichiarato un presidio permanente. In questo modo vogliono contestare la decisione della multinazionale svedese di chiudere i reparti produttivi della fabbrica lecchese mantenendo la sola parte commerciale. Se la decisione andr\u00e0 in porto, significherebbe la perdita di [&hellip;]<\/p>\n","protected":false},"author":5,"featured_media":4512,"comment_status":"closed","ping_status":"open","sticky":false,"template":"","format":"standard","meta":{"footnotes":""},"categories":[1],"tags":[27,309,95,40],"class_list":{"0":"post-5148","1":"post","2":"type-post","3":"status-publish","4":"format-standard","5":"has-post-thumbnail","7":"category-notizie","8":"tag-fim","9":"tag-husqvarna","10":"tag-lecco","11":"tag-valmadrera","12":"czr-hentry"},"_links":{"self":[{"href":"https:\/\/www.monzalecco.lombardia.cisl.it\/index.php?rest_route=\/wp\/v2\/posts\/5148","targetHints":{"allow":["GET"]}}],"collection":[{"href":"https:\/\/www.monzalecco.lombardia.cisl.it\/index.php?rest_route=\/wp\/v2\/posts"}],"about":[{"href":"https:\/\/www.monzalecco.lombardia.cisl.it\/index.php?rest_route=\/wp\/v2\/types\/post"}],"author":[{"embeddable":true,"href":"https:\/\/www.monzalecco.lombardia.cisl.it\/index.php?rest_route=\/wp\/v2\/users\/5"}],"replies":[{"embeddable":true,"href":"https:\/\/www.monzalecco.lombardia.cisl.it\/index.php?rest_route=%2Fwp%2Fv2%2Fcomments&post=5148"}],"version-history":[{"count":1,"href":"https:\/\/www.monzalecco.lombardia.cisl.it\/index.php?rest_route=\/wp\/v2\/posts\/5148\/revisions"}],"predecessor-version":[{"id":5149,"href":"https:\/\/www.monzalecco.lombardia.cisl.it\/index.php?rest_route=\/wp\/v2\/posts\/5148\/revisions\/5149"}],"wp:featuredmedia":[{"embeddable":true,"href":"https:\/\/www.monzalecco.lombardia.cisl.it\/index.php?rest_route=\/wp\/v2\/media\/4512"}],"wp:attachment":[{"href":"https:\/\/www.monzalecco.lombardia.cisl.it\/index.php?rest_route=%2Fwp%2Fv2%2Fmedia&parent=5148"}],"wp:term":[{"taxonomy":"category","embeddable":true,"href":"https:\/\/www.monzalecco.lombardia.cisl.it\/index.php?rest_route=%2Fwp%2Fv2%2Fcategories&post=5148"},{"taxonomy":"post_tag","embeddable":true,"href":"https:\/\/www.monzalecco.lombardia.cisl.it\/index.php?rest_route=%2Fwp%2Fv2%2Ftags&post=5148"}],"curies":[{"name":"wp","href":"https:\/\/api.w.org\/{rel}","templated":true}]}}