{"id":5232,"date":"2019-06-04T10:22:13","date_gmt":"2019-06-04T08:22:13","guid":{"rendered":"http:\/\/www.monzalecco.lombardia.cisl.it\/?p=5232"},"modified":"2019-06-04T10:22:13","modified_gmt":"2019-06-04T08:22:13","slug":"ex-bames-e-sem-in-presidio","status":"publish","type":"post","link":"https:\/\/www.monzalecco.lombardia.cisl.it\/?p=5232","title":{"rendered":"Ex Bames e Sem in presidio"},"content":{"rendered":"<p>Le ex lavoratrici e i lavoratori\u00a0di Bames e Sem (ex Celestica) di Vimercate saranno in presidio davanti al Tribunale di Monza venerd\u00ec 7 giugno 2019 dalle ore 8,30. A distanza di oltre 16 mesi dalla richiesta di rinvio a giudizio, tornano in piazza gli ex\u00a0dipendenti chiedendo che chi ha causato il disastro in Bames e Sem sia rinviato a giudizio e chi ha avuto responsabilit\u00e0 paghi.<\/p>\n<p>Venerd\u00ec 7 giugno 2019 si terr\u00e0 l&#8217;udienza (stavolta dovrebbe essere decisiva) davanti al\u00a0 Giudice per le indagini preliminari per discutere del rinvio a giudizio dei 10 imputati di bancarotta fraudolenta e della distrazione di beni e risorse economiche che dovevano essere destinate alla re-industrializzazione, il presidio ancora una volta richiama l&#8217;attenzione su quanto \u00e8 avvenuto e sulla situazione di lavoratrici e lavoratori che hanno<br \/>\nperso il lavoro a causa di questi motivi.<\/p>\n<p>Tra discussione sulle costituzioni di parte civile e rinvii siamo alla settima udienza da quando il 31 gennaio 2018 \u00e8 stata emessa la richiesta di rinvio a giudizio e tra gli ex dipendenti c&#8217;\u00e8 una forte aspettativa affinch\u00e9 venga finalmente presa la giusta decisione di rinviare a giudizio gli imputati e in questo modo far partire il procedimento penale.<\/p>\n<p>Saranno presenti gli ex dipendenti Bames che si sono costituiti parte civile per i danni morali,\u00a0orgogliosi di tutte le iniziative e le lotte che, con il supporto delle organizzazioni sindacali Fim Cisl e Fiom Cgil, hanno fatto in questi anni. Orgogliosi di aver portato il gruppo dirigente e la famiglia Bartolini in un\u2019aula di tribunale.<\/p>\n<p>Gli ex dipendenti auspicano che ci sia finalmente il rinvio a giudizio ed un processo che accerti tutte le responsabilit\u00e0 nei confronti di chi ha portato al fallimento queste aziende creando enormi problemi economici e sociali, chi ha commesso illeciti paghi per quello che ha fatto anche se questo non canceller\u00e0 tutti i danni e i torti subiti dalle persone che lavoravano in queste aziende e che sono state coinvolte drammaticamente in questa\u00a0 situazione. \u00abChiediamo che vengano accertate le responsabilit\u00e0 di chi ha portato\u00a0delle importanti realt\u00e0 industriali al fallimento per bancarotta fraudolenta, chiediamo che sia fatta giustizia\u00bb.<\/p>\n<p>La vicenda della ex IBM, ex Celestica, ex Bames ex SEM continua ad essere una ferita\u00a0 aperta e non \u00e8 per niente conclusa, oggi alcuni ex dipendenti (si stimano circa 70\u00a0\u00a0persone) sono senza nessun reddito. La loro \u00e8 una storia conosciuta, erano i dipendenti della multinazionale Ibm di Vimercate, nel 2000 sono stati scorporati e ceduti alla canadese Celestica e nel 2006 lo stabilimento (con gli 860 dipendenti rimasti) \u00e8 stato<br \/>\nacquisito da Bartolini Progetti. Da quel momento \u00e8 iniziata la loro drammatica vicenda lavorativa che, dopo diversi anni di piani industriali volutamente disattesi e dopo parecchi anni di Cassa Integrazione, ha visto nell\u2019autunno del 2013 il fallimento delle due aziende\u00a0e il licenziamento dei circa 480 lavoratori rimasti in quella data,<\/p>\n<p>Nel 2010 il sindacato aveva commissionato un\u2019analisi dei bilanci a una societ\u00e0 specialistica che ha\u00a0svolto una ricerca sulle attivit\u00e0 fatte da Bartolini Progetti e dalle societ\u00e0 a essa collegate per comprendere meglio quanto stava avvenendo allora, \u00e8 stato realizzato uno studio dal<br \/>\ntitolo sicuramente emblematico: \u201dil saccheggio di Bames, Quattro anni di giochi finanziari sulle spalle dei lavoratori\u201d a cui \u00e8 seguito un convegno pubblico il 25 febbraio 2011 con la diffusione a pi\u00f9 livelli della sintesi della ricerca, il testo completo di questa ricerca \u00e8 stato messo a disposizione sia della curatela di Bames che della Procura della Repubblica di Monza.<\/p>\n<p>I dubbi sul ruolo di Bartolini Progetti sono stati denunciati da Fim e Fiom sin dalla sua comparsa in questa vicenda ed in particolare dopo l\u2019acquisizione delle quote di Celestica Italia (settembre 2006) che avevamo contestato fortemente perch\u00e9 veniva stravolto il\u00a0senso della re-industrializzazione prevista nel Protocollo Istituzionale firmato dalle parti in Regione Lombardia il 2 agosto 2006, questi dubbi sono stati anche formalizzati richiedendo un incontro con una lettera inviata il 3 ottobre 2006 dove chiedevamo, poco ascoltati, chiarimenti in merito a tale operazione e visto come sono andate le cose, i fatti ci confermano che purtroppo avevamo visto giusto sin da allora.<\/p>\n<p>Non va dimenticato che come Fim Cisl, Fiom Cgil, Rsu, lavoratrici e lavoratori avevamo a\u00a0suo tempo presentato istanza di fallimento per le due societ\u00e0 con l\u2019obiettivo di esautorare la famiglia Bartolini e il gruppo dirigente dalla gestione fallimentare delle aziende e le indagini hanno evidenziato che c\u2019era dell\u2019altro.<\/p>\n<p>Ritornano in presidio gli ex dipendenti per non far dimenticare che ci sono ancora e\u00a0che c\u2019\u00e8 a Vimercate un\u2019area importante sottoutilizzata che deve essere rilanciata con forza! L&#8217;area rimane a vocazione industriale, cos\u00ec come sostenuto dall&#8217;ordine del giorno votato all&#8217;unanimit\u00e0 dal consiglio comunale di Vimercate il 15 marzo 2017, ma si sta sempre pi\u00f9 svuotando ed \u00e8 necessario fare di pi\u00f9 e in fretta per rilanciarla e darle una prospettiva reale. Il tema del suo riutilizzo \u00e8 uno degli aspetti che il sindacato vuole ancora una volta evidenziare e lo fa rivolgendosi a tutto il mondo della Politica istituzionale (Locale, Provinciale, Regionale e Nazionale), per questo motivo chiede loro di essere presenti a questa iniziativa.<\/p>\n","protected":false},"excerpt":{"rendered":"<p>Le ex lavoratrici e i lavoratori\u00a0di Bames e Sem (ex Celestica) di Vimercate saranno in presidio davanti al Tribunale di Monza venerd\u00ec 7 giugno 2019 dalle ore 8,30. A distanza di oltre 16 mesi dalla richiesta di rinvio a giudizio, tornano in piazza gli ex\u00a0dipendenti chiedendo che chi ha causato il disastro in Bames e [&hellip;]<\/p>\n","protected":false},"author":5,"featured_media":2792,"comment_status":"closed","ping_status":"open","sticky":false,"template":"","format":"standard","meta":{"footnotes":""},"categories":[1],"tags":[72,27,73],"class_list":{"0":"post-5232","1":"post","2":"type-post","3":"status-publish","4":"format-standard","5":"has-post-thumbnail","7":"category-notizie","8":"tag-bames","9":"tag-fim","10":"tag-sem","11":"czr-hentry"},"_links":{"self":[{"href":"https:\/\/www.monzalecco.lombardia.cisl.it\/index.php?rest_route=\/wp\/v2\/posts\/5232","targetHints":{"allow":["GET"]}}],"collection":[{"href":"https:\/\/www.monzalecco.lombardia.cisl.it\/index.php?rest_route=\/wp\/v2\/posts"}],"about":[{"href":"https:\/\/www.monzalecco.lombardia.cisl.it\/index.php?rest_route=\/wp\/v2\/types\/post"}],"author":[{"embeddable":true,"href":"https:\/\/www.monzalecco.lombardia.cisl.it\/index.php?rest_route=\/wp\/v2\/users\/5"}],"replies":[{"embeddable":true,"href":"https:\/\/www.monzalecco.lombardia.cisl.it\/index.php?rest_route=%2Fwp%2Fv2%2Fcomments&post=5232"}],"version-history":[{"count":1,"href":"https:\/\/www.monzalecco.lombardia.cisl.it\/index.php?rest_route=\/wp\/v2\/posts\/5232\/revisions"}],"predecessor-version":[{"id":5233,"href":"https:\/\/www.monzalecco.lombardia.cisl.it\/index.php?rest_route=\/wp\/v2\/posts\/5232\/revisions\/5233"}],"wp:featuredmedia":[{"embeddable":true,"href":"https:\/\/www.monzalecco.lombardia.cisl.it\/index.php?rest_route=\/wp\/v2\/media\/2792"}],"wp:attachment":[{"href":"https:\/\/www.monzalecco.lombardia.cisl.it\/index.php?rest_route=%2Fwp%2Fv2%2Fmedia&parent=5232"}],"wp:term":[{"taxonomy":"category","embeddable":true,"href":"https:\/\/www.monzalecco.lombardia.cisl.it\/index.php?rest_route=%2Fwp%2Fv2%2Fcategories&post=5232"},{"taxonomy":"post_tag","embeddable":true,"href":"https:\/\/www.monzalecco.lombardia.cisl.it\/index.php?rest_route=%2Fwp%2Fv2%2Ftags&post=5232"}],"curies":[{"name":"wp","href":"https:\/\/api.w.org\/{rel}","templated":true}]}}