{"id":5253,"date":"2019-06-07T08:21:13","date_gmt":"2019-06-07T06:21:13","guid":{"rendered":"http:\/\/www.monzalecco.lombardia.cisl.it\/?p=5253"},"modified":"2019-06-07T08:21:13","modified_gmt":"2019-06-07T06:21:13","slug":"maggi-fallisce-lavoratori-cacciati","status":"publish","type":"post","link":"https:\/\/www.monzalecco.lombardia.cisl.it\/?p=5253","title":{"rendered":"Maggi fallisce. Lavoratori cacciati"},"content":{"rendered":"<p>La Maggi Catene, storica impresa di\u00a0 Olginate (Lecco) specializzata in catene da neve per le auto, \u00e8 fallita. Lo hanno reso noto i sindacati<br \/>\nsottolineando che \u00abi 53 dipendenti sono stati letteralmente allontanati dall&#8217;azienda senza che venisse loro spiegato nemmeno<br \/>\nbene il motivo\u00bb.<\/p>\n<p>\u00abLa Maggi era gi\u00e0 in procedura concorsuale e come sindacato\u00a0ci eravamo dovuti attivare per tutelare in pi\u00f9 occasioni per<br \/>\ntutelare i diritti dei lavoratori &#8211; hanno spiegato Marco Oreggia, Fim Cisl Mbl -. Sapevamo che non navigava in buone acque, ma ci ha stupito il modo in cui la dirigenza ha reagito, cacciando letteralmente dallo stabilimento i dipendenti. Ci vuole rispetto per chi ha lavorato con dedizione per anni portando avanti tra mille difficolt\u00e0 l&#8217;azienda\u00bb.<\/p>\n<p>Nel tempo la Maggi Catene ha accumulato un debito di 27 milioni di euro. Da 4 mesi gli stipendi non erano pi\u00f9 pagati e dal 2013 non venivano pi\u00f9 effettuati i versamenti al fondo integrativo Cometa. Con la Maggi se ne va un altro pezzo del tessuto industriale lecchese. \u00abQuando parliamo<br \/>\ndell&#8217;urgenza di interventi per l&#8217;industria ci riferiamo a queste<br \/>\nsituazioni &#8211; hanno dichiarato Andrea Doneg\u00e0, segretario generale della Fim Cisl Lombardia ed Enrico Vacca, segretario generale Fim Cisl MMbl -. Senza una seria politica per rilanciare gli investimenti e il lavoro il nostro Paese sar\u00e0 condannato al declino industriale e sociale. Non possiamo permettercelo. Il\u00a0Governo, invece, pare continuare a dormire beato\u00bb.<\/p>\n<p>Il prossimo passo sar\u00e0 un incontro che si terr\u00e0, probabilmente mercoled\u00ec prossimo, tra il curatore fallimentare e i rappresentanti sindacali.<\/p>\n","protected":false},"excerpt":{"rendered":"<p>La Maggi Catene, storica impresa di\u00a0 Olginate (Lecco) specializzata in catene da neve per le auto, \u00e8 fallita. Lo hanno reso noto i sindacati sottolineando che \u00abi 53 dipendenti sono stati letteralmente allontanati dall&#8217;azienda senza che venisse loro spiegato nemmeno bene il motivo\u00bb. \u00abLa Maggi era gi\u00e0 in procedura concorsuale e come sindacato\u00a0ci eravamo dovuti [&hellip;]<\/p>\n","protected":false},"author":5,"featured_media":4487,"comment_status":"closed","ping_status":"open","sticky":false,"template":"","format":"standard","meta":{"footnotes":""},"categories":[1],"tags":[27,323,306],"class_list":{"0":"post-5253","1":"post","2":"type-post","3":"status-publish","4":"format-standard","5":"has-post-thumbnail","7":"category-notizie","8":"tag-fim","9":"tag-maggi","10":"tag-olginate","11":"czr-hentry"},"_links":{"self":[{"href":"https:\/\/www.monzalecco.lombardia.cisl.it\/index.php?rest_route=\/wp\/v2\/posts\/5253","targetHints":{"allow":["GET"]}}],"collection":[{"href":"https:\/\/www.monzalecco.lombardia.cisl.it\/index.php?rest_route=\/wp\/v2\/posts"}],"about":[{"href":"https:\/\/www.monzalecco.lombardia.cisl.it\/index.php?rest_route=\/wp\/v2\/types\/post"}],"author":[{"embeddable":true,"href":"https:\/\/www.monzalecco.lombardia.cisl.it\/index.php?rest_route=\/wp\/v2\/users\/5"}],"replies":[{"embeddable":true,"href":"https:\/\/www.monzalecco.lombardia.cisl.it\/index.php?rest_route=%2Fwp%2Fv2%2Fcomments&post=5253"}],"version-history":[{"count":1,"href":"https:\/\/www.monzalecco.lombardia.cisl.it\/index.php?rest_route=\/wp\/v2\/posts\/5253\/revisions"}],"predecessor-version":[{"id":5254,"href":"https:\/\/www.monzalecco.lombardia.cisl.it\/index.php?rest_route=\/wp\/v2\/posts\/5253\/revisions\/5254"}],"wp:featuredmedia":[{"embeddable":true,"href":"https:\/\/www.monzalecco.lombardia.cisl.it\/index.php?rest_route=\/wp\/v2\/media\/4487"}],"wp:attachment":[{"href":"https:\/\/www.monzalecco.lombardia.cisl.it\/index.php?rest_route=%2Fwp%2Fv2%2Fmedia&parent=5253"}],"wp:term":[{"taxonomy":"category","embeddable":true,"href":"https:\/\/www.monzalecco.lombardia.cisl.it\/index.php?rest_route=%2Fwp%2Fv2%2Fcategories&post=5253"},{"taxonomy":"post_tag","embeddable":true,"href":"https:\/\/www.monzalecco.lombardia.cisl.it\/index.php?rest_route=%2Fwp%2Fv2%2Ftags&post=5253"}],"curies":[{"name":"wp","href":"https:\/\/api.w.org\/{rel}","templated":true}]}}