{"id":5283,"date":"2019-06-08T11:53:44","date_gmt":"2019-06-08T09:53:44","guid":{"rendered":"http:\/\/www.monzalecco.lombardia.cisl.it\/?p=5283"},"modified":"2019-06-08T11:53:44","modified_gmt":"2019-06-08T09:53:44","slug":"14-giugno-metalmeccanici-in-piazza","status":"publish","type":"post","link":"https:\/\/www.monzalecco.lombardia.cisl.it\/?p=5283","title":{"rendered":"14 giugno, metalmeccanici in piazza"},"content":{"rendered":"<p>I lavoratori metalmeccanici sciopereranno in tutta Italia venerd\u00ec 14 giugno con tre grandi manifestazioni in contemporanea a Milano, Firenze e Napoli per chiedere al governo e alle imprese di mettere al centro il lavoro, i salari, i diritti.<\/p>\n<p>La decisione di Fim Fiom Uilm di indire uno sciopero di 8 ore \u00e8 determinata dalla sempre maggiore incertezza sul futuro vista la contrazione della produzione industriale, la perdita di valore del lavoro, l\u2019aumento degli infortuni e dei morti sul lavoro. Lavoro e investimenti devono essere rimessi al centro dell\u2019agenda politica.<\/p>\n<p>Le trasformazioni che stanno investendo il mondo delle imprese metalmeccaniche, e pi\u00f9 in generale il sistema della manifattura, impongono scelte che devono essere in grado di rispondere alla necessit\u00e0 di crescita dei settori strategici attraverso il rilancio degli investimenti pubblici e privati e il sostegno all\u2019occupazione.<\/p>\n<p>E\u2019 necessario che governo e il sistema delle imprese riconoscano il ruolo dei lavoratori. Il governo deve adottare politiche mirate a contrastare delocalizzazioni e le chiusure di stabilimenti, a partire dal Mezzogiorno, ancora una volta, duramente colpito dalla crisi e a sostenere i buoni motivi per attrarre investimenti industriali. Vanno rafforzati i vincoli della responsabilit\u00e0 sociale delle imprese verso i lavoratori e il territorio. Occorre investire per creare occupazione per i giovani disoccupati, attraverso il consolidamento di alcuni settori in cui il nostro paese ha una leadership e incentivi per l\u2019eco-sostenibilit\u00e0 del nostro sistema industriale.<\/p>\n<p>E\u2019 un appuntamento importante per rilanciare la contrattazione collettiva anche in vista del rinnovo del contratto nazionale dei metalmeccanici in scadenza a fine anno. Il nuovo Ccnl dovr\u00e0 valorizzare il contratto in essere, centrando gli obiettivi come l\u2019aumento dei salari, la riduzione dell\u2019orario, l\u2019organizzazione del lavoro anche attraverso l\u2019utilizzo delle nuove tecnologie, la formazione, la tutela della salute e della sicurezza.<\/p>\n<p>Le 3 manifestazioni partiranno alle 9 nelle citt\u00e0 di Milano, Firenze e Napoli. Allo sciopero parteciperanno\u00a0Maurizio Landini, segretario generale Cgil,\u00a0Annamaria Furlan\u00a0segretario generale Cisl e\u00a0Carmelo Barbagallo, segretario generale Uil.<\/p>\n<p>A Milano il corteo partir\u00e0 da Porta Venezia per arrivare a piazza Duomo, dove \u00e8 previsto l\u2019intervento di\u00a0Marco Bentivogli, segretario generale Fim.\u00a0Cisco\u00a0dei\u00a0Modena City Ramblers\u00a0suoner\u00e0 alcune canzoni con la sua band alternandosi sul palco durante il comizio.<\/p>\n<p>A Firenze la manifestazione partir\u00e0 da piazza Cavalleggeri per arrivare a piazza della SS Annunziata, dove \u00e8 previsto l\u2019intervento di\u00a0Rocco Palombella, segretario generale Uilm.\u00a0Antonio Sorgentone\u00a0si esibir\u00e0 sul palco nel corso della mattinata.<\/p>\n<p>A Napoli il corteo partir\u00e0 da piazza Mancini e arriver\u00e0 a piazza Matteotti, dove interverr\u00e0\u00a0Francesca Re David, segretaria generale Fiom.\u00a0L\u2019attrice\u00a0Rosalia Porcaro\u00a0andr\u00e0 in scena sul palco prima degli interventi e del comizio finale.<\/p>\n","protected":false},"excerpt":{"rendered":"<p>I lavoratori metalmeccanici sciopereranno in tutta Italia venerd\u00ec 14 giugno con tre grandi manifestazioni in contemporanea a Milano, Firenze e Napoli per chiedere al governo e alle imprese di mettere al centro il lavoro, i salari, i diritti. La decisione di Fim Fiom Uilm di indire uno sciopero di 8 ore \u00e8 determinata dalla sempre [&hellip;]<\/p>\n","protected":false},"author":5,"featured_media":5284,"comment_status":"closed","ping_status":"open","sticky":false,"template":"","format":"standard","meta":{"footnotes":""},"categories":[1],"tags":[27,203],"class_list":{"0":"post-5283","1":"post","2":"type-post","3":"status-publish","4":"format-standard","5":"has-post-thumbnail","7":"category-notizie","8":"tag-fim","9":"tag-sciopero","10":"czr-hentry"},"_links":{"self":[{"href":"https:\/\/www.monzalecco.lombardia.cisl.it\/index.php?rest_route=\/wp\/v2\/posts\/5283","targetHints":{"allow":["GET"]}}],"collection":[{"href":"https:\/\/www.monzalecco.lombardia.cisl.it\/index.php?rest_route=\/wp\/v2\/posts"}],"about":[{"href":"https:\/\/www.monzalecco.lombardia.cisl.it\/index.php?rest_route=\/wp\/v2\/types\/post"}],"author":[{"embeddable":true,"href":"https:\/\/www.monzalecco.lombardia.cisl.it\/index.php?rest_route=\/wp\/v2\/users\/5"}],"replies":[{"embeddable":true,"href":"https:\/\/www.monzalecco.lombardia.cisl.it\/index.php?rest_route=%2Fwp%2Fv2%2Fcomments&post=5283"}],"version-history":[{"count":1,"href":"https:\/\/www.monzalecco.lombardia.cisl.it\/index.php?rest_route=\/wp\/v2\/posts\/5283\/revisions"}],"predecessor-version":[{"id":5285,"href":"https:\/\/www.monzalecco.lombardia.cisl.it\/index.php?rest_route=\/wp\/v2\/posts\/5283\/revisions\/5285"}],"wp:featuredmedia":[{"embeddable":true,"href":"https:\/\/www.monzalecco.lombardia.cisl.it\/index.php?rest_route=\/wp\/v2\/media\/5284"}],"wp:attachment":[{"href":"https:\/\/www.monzalecco.lombardia.cisl.it\/index.php?rest_route=%2Fwp%2Fv2%2Fmedia&parent=5283"}],"wp:term":[{"taxonomy":"category","embeddable":true,"href":"https:\/\/www.monzalecco.lombardia.cisl.it\/index.php?rest_route=%2Fwp%2Fv2%2Fcategories&post=5283"},{"taxonomy":"post_tag","embeddable":true,"href":"https:\/\/www.monzalecco.lombardia.cisl.it\/index.php?rest_route=%2Fwp%2Fv2%2Ftags&post=5283"}],"curies":[{"name":"wp","href":"https:\/\/api.w.org\/{rel}","templated":true}]}}