{"id":5455,"date":"2019-07-03T15:43:33","date_gmt":"2019-07-03T13:43:33","guid":{"rendered":"https:\/\/www.monzalecco.lombardia.cisl.it\/?p=5455"},"modified":"2019-07-03T15:43:33","modified_gmt":"2019-07-03T13:43:33","slug":"contratto-sanita-tempi-certi","status":"publish","type":"post","link":"https:\/\/www.monzalecco.lombardia.cisl.it\/?p=5455","title":{"rendered":"\u00abContratto sanit\u00e0, tempi certi\u00bb"},"content":{"rendered":"<p>\u00abOggi [3 luglio], nell\u2019ambito della discussione per il Patto della Salute, avviata con il presidente Bonaccini e l\u2019assessore Venturi in Conferenza Stato-Regioni, abbiamo ottenuto l\u2019impegno a modificare la normativa relativa agli accreditamenti delle aziende private che erogano servizi sanitari pubblici, inserendo un criterio che preveda tempi congrui per i rinnovi dei Contratti nazionali tra le aziende e le organizzazioni sindacali maggiormente rappresentative, in coincidenza con i rinnovi del contratto della Sanit\u00e0 Pubblica\u00bb. Lo dichiarano i segretari generali Fp Cgil, Cisl Fp e Uil Fpl, Serena Sorrentino, Maurizio Petriccioli e Michelangelo Librandi, a margine di un incontro avvenuto stamane alla Conferenza delle Regioni e delle Province Autonome.<\/p>\n<p>\u00abNon esistono lavoratrici, lavoratori e professionisti di serie A e di serie B. Chi eroga servizi sanitari, nel pubblico come nel privato, merita rinnovi adeguati, con tempistiche certe e un riconoscimento professionale che non pu\u00f2 pi\u00f9 essere rimandato. Le organizzazioni sindacali non sono pi\u00f9 disposte a tollerare che i signori della sanit\u00e0 privata italiana dichiarino miliardi di euro in fatturati, giocando sulla pelle di chi ogni giorno si prende cura delle persone con contratti scaduti da oltre 12 anni. \u00c8 intollerabile inoltre che Aiop parli di &#8220;oneri insostenibili&#8221; e minacci addirittura licenziamenti e rivalse sui lavoratori\u00bb, proseguono.<\/p>\n<p>\u00abMonitoreremo la situazione affinch\u00e9, gi\u00e0 nei prossimi giorni, si dia seguito a questo impegno e siamo pronti ad alzare il livello dello scontro se le parti datoriali continueranno in questa incomprensibile indisponibilit\u00e0 a trattare\u00bb, concludono i segretari generali.<\/p>\n","protected":false},"excerpt":{"rendered":"<p>\u00abOggi [3 luglio], nell\u2019ambito della discussione per il Patto della Salute, avviata con il presidente Bonaccini e l\u2019assessore Venturi in Conferenza Stato-Regioni, abbiamo ottenuto l\u2019impegno a modificare la normativa relativa agli accreditamenti delle aziende private che erogano servizi sanitari pubblici, inserendo un criterio che preveda tempi congrui per i rinnovi dei Contratti nazionali tra le [&hellip;]<\/p>\n","protected":false},"author":5,"featured_media":5456,"comment_status":"closed","ping_status":"open","sticky":false,"template":"","format":"standard","meta":{"footnotes":""},"categories":[1],"tags":[207,232,353],"class_list":{"0":"post-5455","1":"post","2":"type-post","3":"status-publish","4":"format-standard","5":"has-post-thumbnail","7":"category-notizie","8":"tag-sanita","9":"tag-sanita-privata","10":"tag-sanita-pubblica","11":"czr-hentry"},"_links":{"self":[{"href":"https:\/\/www.monzalecco.lombardia.cisl.it\/index.php?rest_route=\/wp\/v2\/posts\/5455","targetHints":{"allow":["GET"]}}],"collection":[{"href":"https:\/\/www.monzalecco.lombardia.cisl.it\/index.php?rest_route=\/wp\/v2\/posts"}],"about":[{"href":"https:\/\/www.monzalecco.lombardia.cisl.it\/index.php?rest_route=\/wp\/v2\/types\/post"}],"author":[{"embeddable":true,"href":"https:\/\/www.monzalecco.lombardia.cisl.it\/index.php?rest_route=\/wp\/v2\/users\/5"}],"replies":[{"embeddable":true,"href":"https:\/\/www.monzalecco.lombardia.cisl.it\/index.php?rest_route=%2Fwp%2Fv2%2Fcomments&post=5455"}],"version-history":[{"count":1,"href":"https:\/\/www.monzalecco.lombardia.cisl.it\/index.php?rest_route=\/wp\/v2\/posts\/5455\/revisions"}],"predecessor-version":[{"id":5457,"href":"https:\/\/www.monzalecco.lombardia.cisl.it\/index.php?rest_route=\/wp\/v2\/posts\/5455\/revisions\/5457"}],"wp:featuredmedia":[{"embeddable":true,"href":"https:\/\/www.monzalecco.lombardia.cisl.it\/index.php?rest_route=\/wp\/v2\/media\/5456"}],"wp:attachment":[{"href":"https:\/\/www.monzalecco.lombardia.cisl.it\/index.php?rest_route=%2Fwp%2Fv2%2Fmedia&parent=5455"}],"wp:term":[{"taxonomy":"category","embeddable":true,"href":"https:\/\/www.monzalecco.lombardia.cisl.it\/index.php?rest_route=%2Fwp%2Fv2%2Fcategories&post=5455"},{"taxonomy":"post_tag","embeddable":true,"href":"https:\/\/www.monzalecco.lombardia.cisl.it\/index.php?rest_route=%2Fwp%2Fv2%2Ftags&post=5455"}],"curies":[{"name":"wp","href":"https:\/\/api.w.org\/{rel}","templated":true}]}}