{"id":5458,"date":"2019-07-03T16:46:34","date_gmt":"2019-07-03T14:46:34","guid":{"rendered":"https:\/\/www.monzalecco.lombardia.cisl.it\/?p=5458"},"modified":"2019-07-03T16:46:34","modified_gmt":"2019-07-03T14:46:34","slug":"iperdi-superdi-a-meta-del-guado","status":"publish","type":"post","link":"https:\/\/www.monzalecco.lombardia.cisl.it\/?p=5458","title":{"rendered":"IperD\u00ec, SuperD\u00ec, a met\u00e0 del guado"},"content":{"rendered":"<p>La vertenza IperD\u00ec e SuperD\u00ec \u00e8 a met\u00e0 del guado. Una trentina di punti vendita (su 45) \u00e8 stata infatti acquisita da gruppi concorrenti (Famila, Il Gigante e Italmark). Qui sono stati ricollocati circa 350 lavoratori. Gli altri punti vendita rimangono invece chiusi e altri 350 lavoratori vivono grazie all\u2019assegno di cassa integrazione straordinaria.<\/p>\n<p>\u00abLa situazione \u2013 spiega Francesco Barazzetta, Fisascat Cisl Mbl \u2013 non \u00e8 ancora risolta. Le trattative per la cessione dei punti vendita chiusi proseguono al ministero per lo Sviluppo economico. Noi speriamo che, al pi\u00f9 presto, si trovi una soluzione che permetta di dare un lavoro a chi \u00e8 rimasto senza\u00bb. Anche perch\u00e9 la cassa integrazione scade in autunno.<\/p>\n<p>\u00abSiamo a met\u00e0 dell\u2019opera \u2013 conclude Barazzetta -. I lavoratori sono in attesa, nella speranza che qualche grande player del settore della grande distribuzione si faccia avanti e permetta di risolvere una crisi che ha colpito duramente i lavoratori\u00bb.<\/p>\n","protected":false},"excerpt":{"rendered":"<p>La vertenza IperD\u00ec e SuperD\u00ec \u00e8 a met\u00e0 del guado. Una trentina di punti vendita (su 45) \u00e8 stata infatti acquisita da gruppi concorrenti (Famila, Il Gigante e Italmark). Qui sono stati ricollocati circa 350 lavoratori. Gli altri punti vendita rimangono invece chiusi e altri 350 lavoratori vivono grazie all\u2019assegno di cassa integrazione straordinaria. \u00abLa [&hellip;]<\/p>\n","protected":false},"author":5,"featured_media":2946,"comment_status":"closed","ping_status":"open","sticky":false,"template":"","format":"standard","meta":{"footnotes":""},"categories":[1],"tags":[101,102,103],"class_list":{"0":"post-5458","1":"post","2":"type-post","3":"status-publish","4":"format-standard","5":"has-post-thumbnail","7":"category-notizie","8":"tag-fisascat","9":"tag-iperdi","10":"tag-superdi","11":"czr-hentry"},"_links":{"self":[{"href":"https:\/\/www.monzalecco.lombardia.cisl.it\/index.php?rest_route=\/wp\/v2\/posts\/5458","targetHints":{"allow":["GET"]}}],"collection":[{"href":"https:\/\/www.monzalecco.lombardia.cisl.it\/index.php?rest_route=\/wp\/v2\/posts"}],"about":[{"href":"https:\/\/www.monzalecco.lombardia.cisl.it\/index.php?rest_route=\/wp\/v2\/types\/post"}],"author":[{"embeddable":true,"href":"https:\/\/www.monzalecco.lombardia.cisl.it\/index.php?rest_route=\/wp\/v2\/users\/5"}],"replies":[{"embeddable":true,"href":"https:\/\/www.monzalecco.lombardia.cisl.it\/index.php?rest_route=%2Fwp%2Fv2%2Fcomments&post=5458"}],"version-history":[{"count":1,"href":"https:\/\/www.monzalecco.lombardia.cisl.it\/index.php?rest_route=\/wp\/v2\/posts\/5458\/revisions"}],"predecessor-version":[{"id":5459,"href":"https:\/\/www.monzalecco.lombardia.cisl.it\/index.php?rest_route=\/wp\/v2\/posts\/5458\/revisions\/5459"}],"wp:featuredmedia":[{"embeddable":true,"href":"https:\/\/www.monzalecco.lombardia.cisl.it\/index.php?rest_route=\/wp\/v2\/media\/2946"}],"wp:attachment":[{"href":"https:\/\/www.monzalecco.lombardia.cisl.it\/index.php?rest_route=%2Fwp%2Fv2%2Fmedia&parent=5458"}],"wp:term":[{"taxonomy":"category","embeddable":true,"href":"https:\/\/www.monzalecco.lombardia.cisl.it\/index.php?rest_route=%2Fwp%2Fv2%2Fcategories&post=5458"},{"taxonomy":"post_tag","embeddable":true,"href":"https:\/\/www.monzalecco.lombardia.cisl.it\/index.php?rest_route=%2Fwp%2Fv2%2Ftags&post=5458"}],"curies":[{"name":"wp","href":"https:\/\/api.w.org\/{rel}","templated":true}]}}