{"id":5482,"date":"2019-07-10T16:12:55","date_gmt":"2019-07-10T14:12:55","guid":{"rendered":"https:\/\/www.monzalecco.lombardia.cisl.it\/?p=5482"},"modified":"2019-07-10T18:32:39","modified_gmt":"2019-07-10T16:32:39","slug":"richard-delegato-con-larma-dellempatia","status":"publish","type":"post","link":"https:\/\/www.monzalecco.lombardia.cisl.it\/?p=5482","title":{"rendered":"Richar, delegato con l&#8217;arma dell&#8217;empatia"},"content":{"rendered":"<p>Sensibilit\u00e0 ed educazione, ma anche determinazione. Sono \u00able armi\u00bb con le quali combatte tutti i giorni Richar Carbajal, delegato Cisl alla Casa Ragazzi Onlus di Olgiate Molgora (Lc). Anche lui \u00e8 presente alla Conferenza Nazionale Organizzativa della Cisl che si tiene in questi giorni a Roma sui temi delle periferie, dei giovani, del lavoro.<\/p>\n<p>L\u2019impegno di Richar e il suo essere lavoratore e sindacalista, in un settore delicato come quello dell\u2019assistenza, arriva da lontano. \u00abIo sono peruviano &#8211; racconta -. Vengo da Apurimac, una regione andina nel Sud. Lavoravo nel settore informatico con particolare attenzione alla comunicazione. Nel mio Paese non avevo grandi opportunit\u00e0, cos\u00ec ho deciso di emigrare e cos\u00ec sono arrivato in Italia\u00bb.<\/p>\n<p>Qui la vita dell\u2019immigrato non \u00e8 semplice. Non sempre gli studi fatti in patria vengono riconosciuti. Non sempre il lavoro disponibile corrisponde alla formazione posseduta. Richar tira fuori tutta la sua grinta e si rimette in gioco. Studia da operatore socio-sanitario, una vocazione pi\u00f9 che un mestiere. Una professione che richiede un\u2019attenzione particolare nei confronti delle persone con le quali si lavora. A maggior ragione se sono disabili. S\u00ec, perch\u00e9 Richar trova un lavoro alla Casa Ragazzi Onlus, una struttura che ospita persone dai 18 ai 65 anni con disagio psichico e fisico.<\/p>\n<p>\u00abNon lavoriamo con macchine, ma con persone vulnerabili \u2013 spiega -. Non \u00e8 un dettaglio. Noi abbiamo una relazione diretta con esseri umani e, per di pi\u00f9, con esseri umani che hanno difficolt\u00e0. Questo richiede un\u2019attenzione particolare, una delicatezza, una pazienza delle quali non si pu\u00f2 fare a meno, soprattutto in una struttura, come quella in cui lavoro, che vuole offrire un servizio di eccellenza\u00bb.<\/p>\n<p>Sul posto di lavoro Richar conosce il sindacato e si avvicina alla Cisl. \u00abLa Cisl &#8211; continua &#8211; ha uno stile unico. Un modo di rapportarsi al lavoro e ai lavoratori che \u00e8 speciale perch\u00e9 porta avanti le sue istanze cercando il confronto. Un modo di fare che evita lo scontro e cerca di contrattare e cercare il meglio per i lavoratori\u00bb. Un anno fa viene eletto delegato.<\/p>\n<p>\u00abIl compito di un sindacalista in una struttura, come quella in cui lavoro, non \u00e8 semplice \u2013 conclude Richar -. Dobbiamo cercare di offrire un servizio eccellente, ma con una connotazione umana, ai pazienti, ma, allo stesso tempo dobbiamo tutelare i nostri lavoratori. Per questo \u00e8 nato in confronto, non sempre facile, con la direzione. Recentemente abbiamo lottato affinch\u00e9 venissero assunte due persone. Ci\u00f2 permette di ridurre i carichi di lavoro ma anche di migliorare l\u2019assistenza ai disabili. Questo \u00e8 il nostro modo di lavorare e di stare vicino ai pi\u00f9 deboli\u00bb.<\/p>\n","protected":false},"excerpt":{"rendered":"<p>Sensibilit\u00e0 ed educazione, ma anche determinazione. Sono \u00able armi\u00bb con le quali combatte tutti i giorni Richar Carbajal, delegato Cisl alla Casa Ragazzi Onlus di Olgiate Molgora (Lc). Anche lui \u00e8 presente alla Conferenza Nazionale Organizzativa della Cisl che si tiene in questi giorni a Roma sui temi delle periferie, dei giovani, del lavoro. L\u2019impegno [&hellip;]<\/p>\n","protected":false},"author":5,"featured_media":5483,"comment_status":"closed","ping_status":"open","sticky":false,"template":"","format":"standard","meta":{"footnotes":""},"categories":[1],"tags":[404,95],"class_list":{"0":"post-5482","1":"post","2":"type-post","3":"status-publish","4":"format-standard","5":"has-post-thumbnail","7":"category-notizie","8":"tag-delegato","9":"tag-lecco","10":"czr-hentry"},"_links":{"self":[{"href":"https:\/\/www.monzalecco.lombardia.cisl.it\/index.php?rest_route=\/wp\/v2\/posts\/5482","targetHints":{"allow":["GET"]}}],"collection":[{"href":"https:\/\/www.monzalecco.lombardia.cisl.it\/index.php?rest_route=\/wp\/v2\/posts"}],"about":[{"href":"https:\/\/www.monzalecco.lombardia.cisl.it\/index.php?rest_route=\/wp\/v2\/types\/post"}],"author":[{"embeddable":true,"href":"https:\/\/www.monzalecco.lombardia.cisl.it\/index.php?rest_route=\/wp\/v2\/users\/5"}],"replies":[{"embeddable":true,"href":"https:\/\/www.monzalecco.lombardia.cisl.it\/index.php?rest_route=%2Fwp%2Fv2%2Fcomments&post=5482"}],"version-history":[{"count":2,"href":"https:\/\/www.monzalecco.lombardia.cisl.it\/index.php?rest_route=\/wp\/v2\/posts\/5482\/revisions"}],"predecessor-version":[{"id":5485,"href":"https:\/\/www.monzalecco.lombardia.cisl.it\/index.php?rest_route=\/wp\/v2\/posts\/5482\/revisions\/5485"}],"wp:featuredmedia":[{"embeddable":true,"href":"https:\/\/www.monzalecco.lombardia.cisl.it\/index.php?rest_route=\/wp\/v2\/media\/5483"}],"wp:attachment":[{"href":"https:\/\/www.monzalecco.lombardia.cisl.it\/index.php?rest_route=%2Fwp%2Fv2%2Fmedia&parent=5482"}],"wp:term":[{"taxonomy":"category","embeddable":true,"href":"https:\/\/www.monzalecco.lombardia.cisl.it\/index.php?rest_route=%2Fwp%2Fv2%2Fcategories&post=5482"},{"taxonomy":"post_tag","embeddable":true,"href":"https:\/\/www.monzalecco.lombardia.cisl.it\/index.php?rest_route=%2Fwp%2Fv2%2Ftags&post=5482"}],"curies":[{"name":"wp","href":"https:\/\/api.w.org\/{rel}","templated":true}]}}